{"id":88566,"date":"2011-07-27T00:02:59","date_gmt":"2011-07-27T00:02:59","guid":{"rendered":"http:\/\/www.fuldaer-nachrichten.de\/?p=88566"},"modified":"2011-07-27T06:48:07","modified_gmt":"2011-07-27T06:48:07","slug":"fit-fur-den-beruf-18-azubis-schliesen-ihre-ausbildung-bei-jumo-erfolgreich-ab","status":"publish","type":"post","link":"https:\/\/www.fuldaernachrichten.de\/?p=88566","title":{"rendered":"Fit f\u00fcr den Beruf: 18 Azubis schlie\u00dfen ihre Ausbildung bei JUMO erfolgreich ab"},"content":{"rendered":"<p><strong><a href=\"http:\/\/www.fuldaer-nachrichten.de\/wp-content\/uploads\/2011\/07\/110726_JUMO.jpg\"><img decoding=\"async\" class=\"alignleft size-thumbnail wp-image-88567\" title=\"110726_JUMO\" src=\"http:\/\/www.fuldaer-nachrichten.de\/wp-content\/uploads\/2011\/07\/110726_JUMO.jpg\" alt=\"\" width=\"560\" srcset=\"https:\/\/www.fuldaernachrichten.de\/wp-content\/uploads\/2011\/07\/110726_JUMO.jpg 592w, https:\/\/www.fuldaernachrichten.de\/wp-content\/uploads\/2011\/07\/110726_JUMO-265x176.jpg 265w\" sizes=\"(max-width: 592px) 100vw, 592px\" \/><\/a>Fulda. <\/strong>Im Sommer diesen Jahres haben 18 Auszubildende der JUMO GmbH &amp; Co. KG\u00c2\u00a0 ihre Abschlusspr\u00fcfung mit gutem Erfolg bestanden und blicken nun erwartungsvoll in ihre weitere berufliche Zukunft. Bei einer Verabschiedungsfeier sprach der Gesch\u00e4ftsf\u00fchrende Gesellschafter Bernhard Juchheim den auslernenden Azubis seinen Dank aus und lobte ihre durchweg guten bis sehr guten Leistungen. Die erzielten Ergebnisse zeigen, dass das Ausbildungskonzept bei JUMO aufgeht Personalleiter und Prokurist Ralf Metschies lobte die Auszubildenden f\u00fcr das gro\u00dfe Interesse an der Ausbildung und stellte besonders das hohe Engagement jedes Einzelnen heraus.<!--more--><\/p>\n<p>Auch die Ausbildungsleiter sind stolz auf die guten Leistungen ihrer Auszubildenden und freuen sich, dass man auch in diesem Jahr nahezu allen Auszubildenden einen Arbeitsplatz im Unternehmen anbieten konnte. Egal ob die jungen Menschen ihren Weg in Studium oder Beruf fortsetzen, Bernhard Juchheim und Ralf Metschies w\u00fcnschten allen Absolventen viel Erfolg f\u00fcr ihre Zukunft. Als Anerkennung f\u00fcr ihre Leistungen erhielten die ehemaligen Azubis ein Pr\u00e4sent der Gesch\u00e4ftsleitung und wurden in ein nahegelegenes Restaurant eingeladen, wo sie in gem\u00fctlicher Runde auf eine interessante und lehrreiche Ausbildungszeit bei JUMO zur\u00fcckblicken konnten.<\/p>\n<p>Gratulation zu den sehr guten Pr\u00fcfungsergebnissen und die besten W\u00fcnsche f\u00fcr die Zukunft richtet JUMO an: Matthias Gabrunski, Elisa Ga\u00df, Annika Lock, Lisa Mehler, Stefan M\u00fcller, Carina Neidert, Carina Reith (alle Industriekaufleute), Michael Fr\u00fchauf und Mike J\u00f6kel (beide Fachinformatiker), Cordula Gilbert und Roman Pankalla (beide Glasapparatebauer), Florian Bieber, Phillip K\u00f6mpel, Thomas Schapals, Melanie Schneider und Alexander Wertm\u00fcller (alle Industriemechaniker), Tobias Bub und Manuel Vey (beide Elektroniker).<\/p>\n","protected":false},"excerpt":{"rendered":"<div class=\"tmnf_excerpt\"><p>Fulda. Im Sommer diesen Jahres haben 18 Auszubildende der JUMO GmbH &amp; Co. KG\u00c2\u00a0 ihre Abschlusspr\u00fcfung mit gutem Erfolg bestanden und blicken nun erwartungsvoll in ihre weitere berufliche Zukunft. Bei einer Verabschiedungsfeier sprach der Gesch\u00e4ftsf\u00fchrende Gesellschafter Bernhard Juchheim den auslernenden Azubis seinen Dank aus und lobte ihre durchweg guten bis sehr guten Leistungen. Die erzielten &hellip;<\/p>\n<\/div>","protected":false},"author":1,"featured_media":0,"comment_status":"closed","ping_status":"closed","sticky":false,"template":"","format":"standard","meta":{"footnotes":""},"categories":[1,53,78],"tags":[],"class_list":["post-88566","post","type-post","status-publish","format-standard","hentry","category-startseite","category-bildung","category-topthema"],"_links":{"self":[{"href":"https:\/\/www.fuldaernachrichten.de\/index.php?rest_route=\/wp\/v2\/posts\/88566","targetHints":{"allow":["GET"]}}],"collection":[{"href":"https:\/\/www.fuldaernachrichten.de\/index.php?rest_route=\/wp\/v2\/posts"}],"about":[{"href":"https:\/\/www.fuldaernachrichten.de\/index.php?rest_route=\/wp\/v2\/types\/post"}],"author":[{"embeddable":true,"href":"https:\/\/www.fuldaernachrichten.de\/index.php?rest_route=\/wp\/v2\/users\/1"}],"replies":[{"embeddable":true,"href":"https:\/\/www.fuldaernachrichten.de\/index.php?rest_route=%2Fwp%2Fv2%2Fcomments&post=88566"}],"version-history":[{"count":0,"href":"https:\/\/www.fuldaernachrichten.de\/index.php?rest_route=\/wp\/v2\/posts\/88566\/revisions"}],"wp:attachment":[{"href":"https:\/\/www.fuldaernachrichten.de\/index.php?rest_route=%2Fwp%2Fv2%2Fmedia&parent=88566"}],"wp:term":[{"taxonomy":"category","embeddable":true,"href":"https:\/\/www.fuldaernachrichten.de\/index.php?rest_route=%2Fwp%2Fv2%2Fcategories&post=88566"},{"taxonomy":"post_tag","embeddable":true,"href":"https:\/\/www.fuldaernachrichten.de\/index.php?rest_route=%2Fwp%2Fv2%2Ftags&post=88566"}],"curies":[{"name":"wp","href":"https:\/\/api.w.org\/{rel}","templated":true}]}}