{"id":88565,"date":"2011-07-27T00:11:45","date_gmt":"2011-07-27T00:11:45","guid":{"rendered":"http:\/\/www.fuldaer-nachrichten.de\/?p=88565"},"modified":"2011-07-27T06:31:15","modified_gmt":"2011-07-27T06:31:15","slug":"jugendbildungswerke-laden-ein-zur-fahrt-nach-strasburg-in-den-herbstferien","status":"publish","type":"post","link":"https:\/\/www.fuldaernachrichten.de\/?p=88565","title":{"rendered":"Jugendbildungswerke laden ein zur Fahrt nach Stra\u00dfburg in den Herbstferien"},"content":{"rendered":"<p><strong>Fulda. <\/strong>Die Jugendbildungswerke der Stadt Fulda, des Landkreises Fulda sowie des Vogelsbergkreises f\u00fchren in der ersten Herbstferienwoche von Montag, 10. bis Freitag, 14. Oktober einen Bildungsurlaub f\u00fcr junge Leute ab 16 Jahren zum weltweiten Klimawandel durch. Die Teilnehmerinnen und Teilnehmer besch\u00e4ftigen sich mit den m\u00f6glichen Auswirkungen der Erderw\u00e4rmung, lernen die europ\u00e4ischen Institutionen kennen und untersuchen, wie die Europ\u00e4ische Union auf diese globale Herausforderung reagiert. Gleichzeitig besteht die M\u00f6glichkeit, die europ\u00e4ische Hauptstadt Stra\u00dfburg sowie das Elsass intensiv zu entdecken und zu erleben. Die Unterbringung erfolgt in der Jugendherberge in Kehl.<!--more--><\/p>\n<p>F\u00fcr interessierte junge Leute stehen noch freie Pl\u00e4tze zur Verf\u00fcgung. Genauere Informationen erteilt Ulli Greb vom Jugendamt der Stadt Fulda unter Telefon 0661\/102-1990.<\/p>\n","protected":false},"excerpt":{"rendered":"<div class=\"tmnf_excerpt\"><p>Fulda. Die Jugendbildungswerke der Stadt Fulda, des Landkreises Fulda sowie des Vogelsbergkreises f\u00fchren in der ersten Herbstferienwoche von Montag, 10. bis Freitag, 14. Oktober einen Bildungsurlaub f\u00fcr junge Leute ab 16 Jahren zum weltweiten Klimawandel durch. Die Teilnehmerinnen und Teilnehmer besch\u00e4ftigen sich mit den m\u00f6glichen Auswirkungen der Erderw\u00e4rmung, lernen die europ\u00e4ischen Institutionen kennen und untersuchen, &hellip;<\/p>\n<\/div>","protected":false},"author":1,"featured_media":0,"comment_status":"closed","ping_status":"closed","sticky":false,"template":"","format":"standard","meta":{"footnotes":""},"categories":[1,72,52],"tags":[],"class_list":["post-88565","post","type-post","status-publish","format-standard","hentry","category-startseite","category-jugend","category-umwelt"],"_links":{"self":[{"href":"https:\/\/www.fuldaernachrichten.de\/index.php?rest_route=\/wp\/v2\/posts\/88565","targetHints":{"allow":["GET"]}}],"collection":[{"href":"https:\/\/www.fuldaernachrichten.de\/index.php?rest_route=\/wp\/v2\/posts"}],"about":[{"href":"https:\/\/www.fuldaernachrichten.de\/index.php?rest_route=\/wp\/v2\/types\/post"}],"author":[{"embeddable":true,"href":"https:\/\/www.fuldaernachrichten.de\/index.php?rest_route=\/wp\/v2\/users\/1"}],"replies":[{"embeddable":true,"href":"https:\/\/www.fuldaernachrichten.de\/index.php?rest_route=%2Fwp%2Fv2%2Fcomments&post=88565"}],"version-history":[{"count":0,"href":"https:\/\/www.fuldaernachrichten.de\/index.php?rest_route=\/wp\/v2\/posts\/88565\/revisions"}],"wp:attachment":[{"href":"https:\/\/www.fuldaernachrichten.de\/index.php?rest_route=%2Fwp%2Fv2%2Fmedia&parent=88565"}],"wp:term":[{"taxonomy":"category","embeddable":true,"href":"https:\/\/www.fuldaernachrichten.de\/index.php?rest_route=%2Fwp%2Fv2%2Fcategories&post=88565"},{"taxonomy":"post_tag","embeddable":true,"href":"https:\/\/www.fuldaernachrichten.de\/index.php?rest_route=%2Fwp%2Fv2%2Ftags&post=88565"}],"curies":[{"name":"wp","href":"https:\/\/api.w.org\/{rel}","templated":true}]}}