{"id":88551,"date":"2011-07-27T00:20:27","date_gmt":"2011-07-27T00:20:27","guid":{"rendered":"http:\/\/www.fuldaer-nachrichten.de\/?p=88551"},"modified":"2011-07-27T06:32:36","modified_gmt":"2011-07-27T06:32:36","slug":"internationaler-orgelsommer-konzert-am-7-august-im-dom","status":"publish","type":"post","link":"https:\/\/www.fuldaernachrichten.de\/?p=88551","title":{"rendered":"\u201eInternationaler Orgelsommer\u201c &#8211; Konzert am 7. August im Dom"},"content":{"rendered":"<p><strong><a href=\"http:\/\/www.fuldaer-nachrichten.de\/wp-content\/uploads\/2011\/07\/110726_Feller.jpg\"><img fetchpriority=\"high\" decoding=\"async\" class=\"alignleft size-thumbnail wp-image-88552\" title=\"110726_Feller\" src=\"http:\/\/www.fuldaer-nachrichten.de\/wp-content\/uploads\/2011\/07\/110726_Feller-265x198.jpg\" alt=\"\" width=\"265\" height=\"198\" srcset=\"https:\/\/www.fuldaernachrichten.de\/wp-content\/uploads\/2011\/07\/110726_Feller-265x198.jpg 265w, https:\/\/www.fuldaernachrichten.de\/wp-content\/uploads\/2011\/07\/110726_Feller.jpg 592w\" sizes=\"(max-width: 265px) 100vw, 265px\" \/><\/a>Fulda. <\/strong>Das dritte Konzert des \u201eInternationalen Orgelsommers\u201c bestreitet am 7. August um 16.30 Uhr der M\u00fcnchner Harald Feller im Fuldaer Dom. Er ist Professor und Leiter einer eigenen Orgelklasse an der Musikhochschule M\u00fcnchen und hat auf mehreren Kontinenten gefeierte Konzerte gegeben. In Fulda spielt Feller die Kompositionen \u201eIch hatte viel Bek\u00fcmmernis\u201c und \u201eAdagio\u201c\u00c2\u00a0 von Johann Sebastian Bach (beide arrangiert von Liszt), ebenfalls Richard Wagners Pilgerchor aus dem Tannh\u00e4user, die Sonate c-Moll von Julius Reubke sowie die Werke \u201ePr\u00e4ludium und Fuge \u00fcber B-A-C-H\u201c und \u201eEvocation \u00c3\u00a0 la Chapelle Sixtine\u201c von Franz Liszt. Der Kostenbeitrag betr\u00e4gt 7 \u00e2\u201a\u00ac, erm\u00e4\u00dfigt 4 \u00e2\u201a\u00ac.<\/p>\n","protected":false},"excerpt":{"rendered":"<div class=\"tmnf_excerpt\"><p>Fulda. Das dritte Konzert des \u201eInternationalen Orgelsommers\u201c bestreitet am 7. August um 16.30 Uhr der M\u00fcnchner Harald Feller im Fuldaer Dom. Er ist Professor und Leiter einer eigenen Orgelklasse an der Musikhochschule M\u00fcnchen und hat auf mehreren Kontinenten gefeierte Konzerte gegeben. In Fulda spielt Feller die Kompositionen \u201eIch hatte viel Bek\u00fcmmernis\u201c und \u201eAdagio\u201c\u00c2\u00a0 von Johann &hellip;<\/p>\n<\/div>","protected":false},"author":1,"featured_media":0,"comment_status":"closed","ping_status":"closed","sticky":false,"template":"","format":"standard","meta":{"footnotes":""},"categories":[1,44],"tags":[],"class_list":["post-88551","post","type-post","status-publish","format-standard","hentry","category-startseite","category-kultur"],"_links":{"self":[{"href":"https:\/\/www.fuldaernachrichten.de\/index.php?rest_route=\/wp\/v2\/posts\/88551","targetHints":{"allow":["GET"]}}],"collection":[{"href":"https:\/\/www.fuldaernachrichten.de\/index.php?rest_route=\/wp\/v2\/posts"}],"about":[{"href":"https:\/\/www.fuldaernachrichten.de\/index.php?rest_route=\/wp\/v2\/types\/post"}],"author":[{"embeddable":true,"href":"https:\/\/www.fuldaernachrichten.de\/index.php?rest_route=\/wp\/v2\/users\/1"}],"replies":[{"embeddable":true,"href":"https:\/\/www.fuldaernachrichten.de\/index.php?rest_route=%2Fwp%2Fv2%2Fcomments&post=88551"}],"version-history":[{"count":0,"href":"https:\/\/www.fuldaernachrichten.de\/index.php?rest_route=\/wp\/v2\/posts\/88551\/revisions"}],"wp:attachment":[{"href":"https:\/\/www.fuldaernachrichten.de\/index.php?rest_route=%2Fwp%2Fv2%2Fmedia&parent=88551"}],"wp:term":[{"taxonomy":"category","embeddable":true,"href":"https:\/\/www.fuldaernachrichten.de\/index.php?rest_route=%2Fwp%2Fv2%2Fcategories&post=88551"},{"taxonomy":"post_tag","embeddable":true,"href":"https:\/\/www.fuldaernachrichten.de\/index.php?rest_route=%2Fwp%2Fv2%2Ftags&post=88551"}],"curies":[{"name":"wp","href":"https:\/\/api.w.org\/{rel}","templated":true}]}}