{"id":88550,"date":"2011-07-27T00:12:22","date_gmt":"2011-07-27T00:12:22","guid":{"rendered":"http:\/\/www.fuldaer-nachrichten.de\/?p=88550"},"modified":"2011-07-27T06:31:29","modified_gmt":"2011-07-27T06:31:29","slug":"aok-hessen-startet-mit-ausgabe-der-elektronischen-gesundheitskarte","status":"publish","type":"post","link":"https:\/\/www.fuldaernachrichten.de\/?p=88550","title":{"rendered":"AOK Hessen startet mit Ausgabe der Elektronischen Gesundheitskarte"},"content":{"rendered":"<p><strong>Bad Homburg.<\/strong> Die AOK Hessen startet mit dem Einholen der Passfotos f\u00fcr die neue elektronische Gesundheitskarte (eGK). Rund 1,3 Millionen Versicherte werden dazu entsprechende Schreiben erhalten, die ersten bereits in wenigen Tagen. Insgesamt kann die Bildbeschaffung aber bis 2013 dauern. Das k\u00fcndigte die Kasse in Bad Homburg an.<!--more--><\/p>\n<p>Bis Ende des Jahres m\u00fcssen die gesetzlichen Krankenkassen in Deutschland nach dem Willen der Bundesregierung zun\u00e4chst 10 Prozent ihrer Versicherten mit der eGK ausstatten. Ein Kernelement der neuen Chip-Karte ist die Identifizierbarkeit \u00fcber ein aufgedrucktes Foto des Karteninhabers. So soll m\u00f6glichem Missbrauch vorgebeugt werden, falls die Karte einmal verloren geht.\u00c2\u00a0 <strong><\/strong><\/p>\n<p><strong>Keine eGK ohne Passfoto<\/strong><\/p>\n<p>Dr. Wilfried Boroch, Kommunikations-Chef der AOK Hessen, erkl\u00e4rt: \u201eDie versandten Schreiben enthalten einen Bildanforderungsbogen, auf den das Foto aufgeklebt wird, und einen bereits frankierten R\u00fcckumschlag.\u201c Au\u00dferdem besteht laut Boroch die M\u00f6glichkeit, ein Bild online zur Verf\u00fcgung zu stellen. Unter <a href=\"http:\/\/www.aok.de\/hessen\/bild\" target=\"_blank\">www.aok.de\/hessen\/bild<\/a> kann man nachlesen, wie das Foto aussehen sollte und \u00fcber welche Funktionen die elektronische Gesundheitskarte zuk\u00fcnftig noch verf\u00fcgen wird.<\/p>\n<p>Doch ganz egal ob klassisch oder digital: Ohne Foto geht\u00e2\u20ac\u2122s nicht. \u201eWer kein Bild einreicht, dem d\u00fcrfen wir auch keine eGK ausstellen. Der Gesetzgeber ist hier eindeutig\u201c, betont Boroch. \u00dcbrigens: Exklusiv f\u00fcr ihre Versicherten hat die AOK Hessen mit zahlreichen Fotostudios und Fotofachgesch\u00e4ften im Land besonders g\u00fcnstige Angebote vereinbart. Infos und eine \u00dcbersicht der Studios gibt\u00e2\u20ac\u2122s ebenfalls im Internet.<\/p>\n","protected":false},"excerpt":{"rendered":"<div class=\"tmnf_excerpt\"><p>Bad Homburg. Die AOK Hessen startet mit dem Einholen der Passfotos f\u00fcr die neue elektronische Gesundheitskarte (eGK). Rund 1,3 Millionen Versicherte werden dazu entsprechende Schreiben erhalten, die ersten bereits in wenigen Tagen. Insgesamt kann die Bildbeschaffung aber bis 2013 dauern. Das k\u00fcndigte die Kasse in Bad Homburg an.<\/p>\n<\/div>","protected":false},"author":1,"featured_media":0,"comment_status":"closed","ping_status":"closed","sticky":false,"template":"","format":"standard","meta":{"footnotes":""},"categories":[1],"tags":[],"class_list":["post-88550","post","type-post","status-publish","format-standard","hentry","category-startseite"],"_links":{"self":[{"href":"https:\/\/www.fuldaernachrichten.de\/index.php?rest_route=\/wp\/v2\/posts\/88550","targetHints":{"allow":["GET"]}}],"collection":[{"href":"https:\/\/www.fuldaernachrichten.de\/index.php?rest_route=\/wp\/v2\/posts"}],"about":[{"href":"https:\/\/www.fuldaernachrichten.de\/index.php?rest_route=\/wp\/v2\/types\/post"}],"author":[{"embeddable":true,"href":"https:\/\/www.fuldaernachrichten.de\/index.php?rest_route=\/wp\/v2\/users\/1"}],"replies":[{"embeddable":true,"href":"https:\/\/www.fuldaernachrichten.de\/index.php?rest_route=%2Fwp%2Fv2%2Fcomments&post=88550"}],"version-history":[{"count":0,"href":"https:\/\/www.fuldaernachrichten.de\/index.php?rest_route=\/wp\/v2\/posts\/88550\/revisions"}],"wp:attachment":[{"href":"https:\/\/www.fuldaernachrichten.de\/index.php?rest_route=%2Fwp%2Fv2%2Fmedia&parent=88550"}],"wp:term":[{"taxonomy":"category","embeddable":true,"href":"https:\/\/www.fuldaernachrichten.de\/index.php?rest_route=%2Fwp%2Fv2%2Fcategories&post=88550"},{"taxonomy":"post_tag","embeddable":true,"href":"https:\/\/www.fuldaernachrichten.de\/index.php?rest_route=%2Fwp%2Fv2%2Ftags&post=88550"}],"curies":[{"name":"wp","href":"https:\/\/api.w.org\/{rel}","templated":true}]}}