{"id":88537,"date":"2011-07-27T00:12:20","date_gmt":"2011-07-27T00:12:20","guid":{"rendered":"http:\/\/www.fuldaer-nachrichten.de\/?p=88537"},"modified":"2011-07-27T06:36:14","modified_gmt":"2011-07-27T06:36:14","slug":"inhaber-von-fischereirechten-an-der-fulda-sollen-sich-melden","status":"publish","type":"post","link":"https:\/\/www.fuldaernachrichten.de\/?p=88537","title":{"rendered":"Inhaber von Fischereirechten an der Fulda sollen sich melden"},"content":{"rendered":"<p><strong>Fulda. <\/strong>Nach dem hessischen Fischereigesetz m\u00fcssen alle Fischereirechte an Flie\u00dfgew\u00e4ssern in Hegegemeinschaften zusammengef\u00fchrt werden. Die Verordnung \u00fcber die Hegegemeinschaften an Gew\u00e4ssern regelt neben der r\u00e4umlichen Abgrenzung die Konstituierung und enth\u00e4lt n\u00e4here Bestimmungen \u00fcber die Organe und deren Aufgaben. Die Fischerei-Hegegemeinschaft \u201eObere Fulda\u201c umfasst das Gew\u00e4ssersystem der Fulda von der Quelle bis zur Kreisgrenze bei Mecklar\/Blankenheim<strong> <\/strong>im Landkreis Hersfeld-Rotenburg mit all ihren direkten und indirekten Nebengew\u00e4ssern. Die untere Fischereibeh\u00f6rde des Landkreises Fulda ist die zust\u00e4ndige Aufsichtsbeh\u00f6rde f\u00fcr die gesamte Hegegemeinschaft \u201eObere Fulda\u201c. In diesem Rahmen muss sie ein Mitgliederverzeichnis erstellen, aus dem sich f\u00fcr jedes Mitglied die Gr\u00f6\u00dfe der Gew\u00e4sserfl\u00e4che ergibt, an der es Fischereirechte hat oder solche vertritt.<!--more--><\/p>\n<p>F\u00fcr den Bereich der Hegemeinschaft \u201eObere Fulda\u201c liegen der unteren Fischereibeh\u00f6rde zahlreiche Pachtvertr\u00e4ge vor, aus denen die Fischereirechtsinhaber, Fischereiaus\u00fcbungsberechtigten und teilweise die Gew\u00e4sserfl\u00e4chen ermittelt werden konnten. Es ist jedoch nicht sicher, ob alle Pachtverh\u00e4ltnisse angezeigt wurden. Zudem fehlen in einigen Vertr\u00e4gen zum Teil verschiedene Angaben. Deshalb werden alle Fischereirechtsinhaber und Fischereiaus\u00fcbungsberechtigten aufgefordert, sich bis zum 5. August<strong> <\/strong>mit der unteren Fischereibeh\u00f6rde im Landratsamt Fulda, W\u00f6rthstra\u00dfe 15,<em> <\/em>in Verbindung zu setzen und gegebenenfalls noch nicht angezeigte Pachtvertr\u00e4ge vorzulegen.<\/p>\n<p>Die untere Fischereibeh\u00f6rde des Landkreises weist ausdr\u00fccklich auf die Anzeigepflicht von Pachtvertr\u00e4gen nach dem Hessischen Fischereigesetz hin und bittet insbesondere alle Eigent\u00fcmer von Gew\u00e4sserfl\u00e4chen, die ihr Fischereirecht selbstst\u00e4ndig aus\u00fcben, sich im Landratsamt zu melden, da der unteren Fischereibeh\u00f6rde hier\u00fcber nur bedingt Informationen vorliegen. Nach der Verordnung \u00fcber die Hegegemeinschaften bestimmt die Aufsichtsbeh\u00f6rde aus dem Kreis der Mitglieder einen vorl\u00e4ufigen Vorstand. Interessierte Mitglieder k\u00f6nnen sich beim Fischereisachbearbeiter des Landkreises, Herrn Wiegel (Telefon 0661\/6006-592, e-Mail <a href=\"mailto:jagd-waffen-fischerei@landkreis-fulda.de\">jagd-waffen-fischerei@landkreis-fulda.de<\/a>) melden, der auch f\u00fcr weitere Fragen zur Verf\u00fcgung steht.<\/p>\n","protected":false},"excerpt":{"rendered":"<div class=\"tmnf_excerpt\"><p>Fulda. Nach dem hessischen Fischereigesetz m\u00fcssen alle Fischereirechte an Flie\u00dfgew\u00e4ssern in Hegegemeinschaften zusammengef\u00fchrt werden. Die Verordnung \u00fcber die Hegegemeinschaften an Gew\u00e4ssern regelt neben der r\u00e4umlichen Abgrenzung die Konstituierung und enth\u00e4lt n\u00e4here Bestimmungen \u00fcber die Organe und deren Aufgaben. Die Fischerei-Hegegemeinschaft \u201eObere Fulda\u201c umfasst das Gew\u00e4ssersystem der Fulda von der Quelle bis zur Kreisgrenze bei Mecklar\/Blankenheim &hellip;<\/p>\n<\/div>","protected":false},"author":1,"featured_media":0,"comment_status":"closed","ping_status":"closed","sticky":false,"template":"","format":"standard","meta":{"footnotes":""},"categories":[1],"tags":[],"class_list":["post-88537","post","type-post","status-publish","format-standard","hentry","category-startseite"],"_links":{"self":[{"href":"https:\/\/www.fuldaernachrichten.de\/index.php?rest_route=\/wp\/v2\/posts\/88537","targetHints":{"allow":["GET"]}}],"collection":[{"href":"https:\/\/www.fuldaernachrichten.de\/index.php?rest_route=\/wp\/v2\/posts"}],"about":[{"href":"https:\/\/www.fuldaernachrichten.de\/index.php?rest_route=\/wp\/v2\/types\/post"}],"author":[{"embeddable":true,"href":"https:\/\/www.fuldaernachrichten.de\/index.php?rest_route=\/wp\/v2\/users\/1"}],"replies":[{"embeddable":true,"href":"https:\/\/www.fuldaernachrichten.de\/index.php?rest_route=%2Fwp%2Fv2%2Fcomments&post=88537"}],"version-history":[{"count":0,"href":"https:\/\/www.fuldaernachrichten.de\/index.php?rest_route=\/wp\/v2\/posts\/88537\/revisions"}],"wp:attachment":[{"href":"https:\/\/www.fuldaernachrichten.de\/index.php?rest_route=%2Fwp%2Fv2%2Fmedia&parent=88537"}],"wp:term":[{"taxonomy":"category","embeddable":true,"href":"https:\/\/www.fuldaernachrichten.de\/index.php?rest_route=%2Fwp%2Fv2%2Fcategories&post=88537"},{"taxonomy":"post_tag","embeddable":true,"href":"https:\/\/www.fuldaernachrichten.de\/index.php?rest_route=%2Fwp%2Fv2%2Ftags&post=88537"}],"curies":[{"name":"wp","href":"https:\/\/api.w.org\/{rel}","templated":true}]}}