{"id":88535,"date":"2011-07-29T06:46:04","date_gmt":"2011-07-29T06:46:04","guid":{"rendered":"http:\/\/www.fuldaer-nachrichten.de\/?p=88535"},"modified":"2011-07-29T06:46:04","modified_gmt":"2011-07-29T06:46:04","slug":"an-ulstertalschule-wird-ausenstelle-der-winfriedschule-eingerichtet","status":"publish","type":"post","link":"https:\/\/www.fuldaernachrichten.de\/?p=88535","title":{"rendered":"An Ulstertalschule wird Au\u00dfenstelle der Winfriedschule eingerichtet"},"content":{"rendered":"<p><strong><a href=\"http:\/\/www.fuldaer-nachrichten.de\/wp-content\/uploads\/2011\/07\/110726_Ulstertalschule.jpg\"><img decoding=\"async\" class=\"alignleft size-thumbnail wp-image-88536\" title=\"110726_Ulstertalschule\" src=\"http:\/\/www.fuldaer-nachrichten.de\/wp-content\/uploads\/2011\/07\/110726_Ulstertalschule-265x176.jpg\" alt=\"\" width=\"265\" height=\"176\" srcset=\"https:\/\/www.fuldaernachrichten.de\/wp-content\/uploads\/2011\/07\/110726_Ulstertalschule-265x176.jpg 265w, https:\/\/www.fuldaernachrichten.de\/wp-content\/uploads\/2011\/07\/110726_Ulstertalschule.jpg 592w\" sizes=\"(max-width: 265px) 100vw, 265px\" \/><\/a>Hilders\/Fulda.<\/strong> Die dunklen Wolken \u00fcber der Ulstertalschule sind endg\u00fcltig verschwunden. Das Gymnasium in Tr\u00e4gerschaft des Landkreises Fulda pr\u00e4sentiert sich heute als moderne Bildungseinrichtung, die optimistisch in die Zukunft schauen kann. Einen wesentlichen Anteil daran hat die jetzt auch vom hessischen Kultusministerium genehmigte Fortschreibung des Schulentwicklungsplans f\u00fcr den Teilbereich Ulstertalschule. Danach wird mit Beginn des neuen Schuljahres in Hilders eine Au\u00dfenstelle der Winfriedschule f\u00fcr die Klasse 10 eingerichtet.<\/p>\n<p><strong>Foto:<\/strong> Max Colin Heydenreich<!--more--><\/p>\n<p><strong><\/strong>Die Perspektiven f\u00fcr die Ulstertalschule sahen vor einigen Jahren noch ganz anders aus. Durch eine kurzzeitige Unterschreitung der landesweiten Klassenrichtwerte schien das Mittelstufengymnasium langfristig in seinem Bestand gef\u00e4hrdet. Aber allein schon unter finanziellen Gesichtspunkten w\u00e4re es widersinnig gewesen, eine Schule zu schlie\u00dfen, die zuvor f\u00fcr 2,6 Millionen Euro gro\u00dfz\u00fcgig erweitert worden war. Ganz abgesehen von bildungs- und regionalpolitischen Erw\u00e4gungen, die daf\u00fcr sprechen, gerade im l\u00e4ndlichen Raum ein wohnortnahes Bildungsangebot zu erhalten und weiterzuentwickeln. \u201eVor dem Hintergrund des demografischen Wandels werden Schule als zentraler Standortfaktor immer wichtiger\u201c, betont Landrat Bernd Woide.<\/p>\n<p>Um drohende Gefahren f\u00fcr die Ulstertalschule abzuwenden, wurden fr\u00fchzeitig Ma\u00dfnahmen zur dauerhaften Stabilisierung der Sch\u00fclerzahlen ergriffen und beispielsweise Informationsabende f\u00fcr die Eltern der abgebenden Grundschulen im Einzugsbereich von Hilders veranstaltet. Die Vorz\u00fcge eines Besuchs der Ulstertalschule lagen und liegen auf der Hand: Der Schulweg ist wesentlich k\u00fcrzer, die eingesparte Zeit kann f\u00fcr andere Aktivit\u00e4ten genutzt werden. Hierzu kommt, dass die Schule \u00fcber eine hervorragende Ausstattung &#8211; vor zwei Jahren wurden nochmals 250.000 Euro f\u00fcr die Schaffung eines Ganztagsangebots investiert &#8211; verf\u00fcgt. Die Lernbedingungen sind bei knapp 300 Sch\u00fclern und 24 Lehrkr\u00e4ften \u00fcberschaubar und fast schon famili\u00e4r.<\/p>\n<p>Die Bem\u00fchungen, in Hilders eine Au\u00dfenstelle einzurichten, stehen im Zusammenhang mit der Verk\u00fcrzung des Gymnasiums auf acht Klassen (G 8). Als Mittelstufengymnasium h\u00e4tte die Ulstertalschule den zehnten Schuljahrgang verloren, der bereits zur gymnasialen Oberstufe z\u00e4hlt. In enger Abstimmung mit dem Landkreis und dem Staatlichen Schulamt wurde deshalb ein Konzept entwickelt, das den Besuch der zehnten Klasse an der Ulstertalschule erm\u00f6glicht. Das Projekt hat Modellcharakter und wird vom Kultusministerium unterst\u00fctzt. \u201eMan respektiert unsere regionale Flexibilit\u00e4t\u201c, so Schulleiter Dr. Rudolf Summa von der Winfriedschule. Laut Leitendem Schulamtsdirektor Wolfgang Kremer ist f\u00fcr die Lehrerzuweisung gesorgt.<\/p>\n<p>Die Zusammenarbeit zwischen beiden Schulen hat mittlerweile feste Formen angenommen. Zur organisatorischen und inhaltlichen Abstimmung fanden bereits schul\u00fcbergreifende Konferenzen statt, Lehrkr\u00e4fte der Ulstertalschule und der Winfriedschule unterrichten im Austausch, es wurden Arbeiten mit gleicher Aufgabenstellung geschrieben, und in einigen F\u00e4chern soll es gemeinsamen Unterricht geben. F\u00fcr das neue Schuljahr liegen 18 Anmeldungen f\u00fcr die gymnasiale Einf\u00fchrungsphase an der Ulstertalschule vor, so dass es trotz G 8 weiterhin eine zehnte Klasse in Hilders geben wird und die Sch\u00fcler erst mit dem elften Schuljahr an einen anderen Schulstandort, in der Regel in die Winfriedschule nach Fulda, zu wechseln brauchen.<\/p>\n<p>W\u00e4hrend Dr. Summa von einer gegenseitigen Bereicherung beider Schulgemeinden spricht, gilt der besondere Dank des Leiters der Ulstertalschule, Mathias Dickhut, seinem Kollegium, das die neue Konzeption voll mittrage, sowie den betroffenen Sch\u00fcler und Eltern. \u201eSie betreten schlie\u00dflich Neuland und beweisen gro\u00dfes Vertrauen in unsere Schule.\u201c Auch Landrat Woide ist vom Gelingen des in Hessen bislang einmaligen Schulprojekts \u00fcberzeugt, das einen aktiven Beitrag zur Regionalpolitik leiste. Die Bildungsregion Fulda stelle damit einmal mehr ihre Innovationsf\u00e4higkeit unter Beweis. Angesichts der demografischen Ver\u00e4nderungen m\u00fcsse in anderen Lebensbereichen ebenfalls verst\u00e4rkt \u00fcber Kooperationsformen nachgedacht werden. (was)<\/p>\n","protected":false},"excerpt":{"rendered":"<div class=\"tmnf_excerpt\"><p>Hilders\/Fulda. Die dunklen Wolken \u00fcber der Ulstertalschule sind endg\u00fcltig verschwunden. Das Gymnasium in Tr\u00e4gerschaft des Landkreises Fulda pr\u00e4sentiert sich heute als moderne Bildungseinrichtung, die optimistisch in die Zukunft schauen kann. Einen wesentlichen Anteil daran hat die jetzt auch vom hessischen Kultusministerium genehmigte Fortschreibung des Schulentwicklungsplans f\u00fcr den Teilbereich Ulstertalschule. Danach wird mit Beginn des neuen &hellip;<\/p>\n<\/div>","protected":false},"author":1,"featured_media":0,"comment_status":"closed","ping_status":"closed","sticky":false,"template":"","format":"standard","meta":{"footnotes":""},"categories":[1],"tags":[],"class_list":["post-88535","post","type-post","status-publish","format-standard","hentry","category-startseite"],"_links":{"self":[{"href":"https:\/\/www.fuldaernachrichten.de\/index.php?rest_route=\/wp\/v2\/posts\/88535","targetHints":{"allow":["GET"]}}],"collection":[{"href":"https:\/\/www.fuldaernachrichten.de\/index.php?rest_route=\/wp\/v2\/posts"}],"about":[{"href":"https:\/\/www.fuldaernachrichten.de\/index.php?rest_route=\/wp\/v2\/types\/post"}],"author":[{"embeddable":true,"href":"https:\/\/www.fuldaernachrichten.de\/index.php?rest_route=\/wp\/v2\/users\/1"}],"replies":[{"embeddable":true,"href":"https:\/\/www.fuldaernachrichten.de\/index.php?rest_route=%2Fwp%2Fv2%2Fcomments&post=88535"}],"version-history":[{"count":0,"href":"https:\/\/www.fuldaernachrichten.de\/index.php?rest_route=\/wp\/v2\/posts\/88535\/revisions"}],"wp:attachment":[{"href":"https:\/\/www.fuldaernachrichten.de\/index.php?rest_route=%2Fwp%2Fv2%2Fmedia&parent=88535"}],"wp:term":[{"taxonomy":"category","embeddable":true,"href":"https:\/\/www.fuldaernachrichten.de\/index.php?rest_route=%2Fwp%2Fv2%2Fcategories&post=88535"},{"taxonomy":"post_tag","embeddable":true,"href":"https:\/\/www.fuldaernachrichten.de\/index.php?rest_route=%2Fwp%2Fv2%2Ftags&post=88535"}],"curies":[{"name":"wp","href":"https:\/\/api.w.org\/{rel}","templated":true}]}}