{"id":88533,"date":"2011-07-27T00:43:28","date_gmt":"2011-07-27T00:43:28","guid":{"rendered":"http:\/\/www.fuldaer-nachrichten.de\/?p=88533"},"modified":"2011-07-27T06:43:33","modified_gmt":"2011-07-27T06:43:33","slug":"13-kulinarische-wanderung-durch-das-kemmetetal","status":"publish","type":"post","link":"https:\/\/www.fuldaernachrichten.de\/?p=88533","title":{"rendered":"13. Kulinarische Wanderung durch das Kemmetetal"},"content":{"rendered":"<p><strong><a href=\"http:\/\/www.fuldaer-nachrichten.de\/wp-content\/uploads\/2011\/07\/110726_Kemmemetal.jpg\"><img decoding=\"async\" class=\"alignleft size-thumbnail wp-image-88534\" title=\"110726_Kemmemetal\" src=\"http:\/\/www.fuldaer-nachrichten.de\/wp-content\/uploads\/2011\/07\/110726_Kemmemetal-265x176.jpg\" alt=\"\" width=\"265\" height=\"176\" srcset=\"https:\/\/www.fuldaernachrichten.de\/wp-content\/uploads\/2011\/07\/110726_Kemmemetal-265x176.jpg 265w, https:\/\/www.fuldaernachrichten.de\/wp-content\/uploads\/2011\/07\/110726_Kemmemetal.jpg 592w\" sizes=\"(max-width: 265px) 100vw, 265px\" \/><\/a>Neuhof-Rommerz.<\/strong> Bereits zum 13. Mal j\u00e4hrt sich am Sonntag, 31. Juli 2011 die &#8220;Kulinarische Wanderung&#8221; des Hochstiftlichen Brauhauses Fulda im Landgasthof Imhof in Rommerz. Das diesj\u00e4hrige Motto lautet \u201eKemmettetal Total &#8211; das Sommerferien-Event\u201c. &#8220;Unsere Idee war damals bei der ersten Kulinarischen Wanderung, in Rommerz eine Veranstaltung zu etablieren, die es sonst nirgends gibt&#8221;, erkl\u00e4rt J\u00fcrgen Imhof, Inhaber des Landgasthofs Imhof in Rommerz und Ideengeber f\u00fcr die Schlemmerwanderung. Und seitdem stellt der Gastronom jedes Jahr eine neue Strecke rund um Rommerz, in diesem Jahr durch das Kemmettetal, fast bis nach Hauswurz, zusammen: Eine Schlemmerwanderstrecke mit zehn Kilometern L\u00e4nge sowie einen Schlemmerradweg mit 25 Kilometern.<!--more--><\/p>\n<p>Und unterwegs wird dann an vier verschiedenen &#8220;Schlemmerpl\u00e4tzen&#8221; Kulinarisches gereicht: Am Schlemmerplatz \u201eSchnause Wiest\u201c reicht der Gasthof &#8220;Sch\u00fctzenhof Neuhof&#8221; leichte Appetith\u00e4ppchen, bei \u201eKemmetetal total\u201c serviert der Landgasthof Imhof \u201eLeckeres aus Feld und Flur&#8221;, am Schlemmerplatz &#8220;Drehscheibe&#8221; wartet die Gastst\u00e4tte Zentrum Flieden mit Erfrischungen und Snacks aus guten \u00c4pfeln und Diegelmann aus Flieden serviert dazu aromatischen Capuccino und Espresso, an der &#8220;Grillh\u00fctte&#8221; kredenzt der Landgasthof Imhof Wein und K\u00e4se von \u201eRosel und Micha\u201c und zum guten Schluss gibt es Eisspezialit\u00e4ten vom Eiscaf\u00e9 &#8220;Rocco&#8221; an der &#8220;Mariengrotte&#8221;.<\/p>\n<p>An den Start der &#8220;Kulinarischen Fr\u00fchlingswanderung&#8221; kann man zwischen 10 und 13 Uhr gegen eine Startgeb\u00fchr (inklusive einem Los f\u00fcr die Tombola) von einem Euro gehen, Kinder sind frei. Daf\u00fcr erh\u00e4lt man dann die Wander-\/Radkarte in Reimform sowie ein Kinderquiz, das zwei Fragen zu jedem Schlemmerplatz enth\u00e4lt.<\/p>\n<p>Mehr als 2500 Wanderer lie\u00dfen sich dieses Highlight in den letzten Jahren nicht entgehen. &#8220;Zum Schluss braucht ihr nicht lange suchen, denn es gibt noch Kaffee und Kuchen&#8221;, lautet der Abschlusssatz der Wanderkarte. Start und Ziel befinden sich n\u00e4mlich direkt am Landgasthof Imhof, wo im Anschluss an die Wanderung noch ein Hoffest mit allerhand Leckereien gefeiert wird. Dort findet am Nachmittag dann auch die Verlosung statt.<\/p>\n","protected":false},"excerpt":{"rendered":"<div class=\"tmnf_excerpt\"><p>Neuhof-Rommerz. Bereits zum 13. Mal j\u00e4hrt sich am Sonntag, 31. Juli 2011 die &#8220;Kulinarische Wanderung&#8221; des Hochstiftlichen Brauhauses Fulda im Landgasthof Imhof in Rommerz. Das diesj\u00e4hrige Motto lautet \u201eKemmettetal Total &#8211; das Sommerferien-Event\u201c. &#8220;Unsere Idee war damals bei der ersten Kulinarischen Wanderung, in Rommerz eine Veranstaltung zu etablieren, die es sonst nirgends gibt&#8221;, erkl\u00e4rt J\u00fcrgen &hellip;<\/p>\n<\/div>","protected":false},"author":1,"featured_media":0,"comment_status":"closed","ping_status":"closed","sticky":false,"template":"","format":"standard","meta":{"footnotes":""},"categories":[1,37],"tags":[],"class_list":["post-88533","post","type-post","status-publish","format-standard","hentry","category-startseite","category-essen-und-trinken"],"_links":{"self":[{"href":"https:\/\/www.fuldaernachrichten.de\/index.php?rest_route=\/wp\/v2\/posts\/88533","targetHints":{"allow":["GET"]}}],"collection":[{"href":"https:\/\/www.fuldaernachrichten.de\/index.php?rest_route=\/wp\/v2\/posts"}],"about":[{"href":"https:\/\/www.fuldaernachrichten.de\/index.php?rest_route=\/wp\/v2\/types\/post"}],"author":[{"embeddable":true,"href":"https:\/\/www.fuldaernachrichten.de\/index.php?rest_route=\/wp\/v2\/users\/1"}],"replies":[{"embeddable":true,"href":"https:\/\/www.fuldaernachrichten.de\/index.php?rest_route=%2Fwp%2Fv2%2Fcomments&post=88533"}],"version-history":[{"count":0,"href":"https:\/\/www.fuldaernachrichten.de\/index.php?rest_route=\/wp\/v2\/posts\/88533\/revisions"}],"wp:attachment":[{"href":"https:\/\/www.fuldaernachrichten.de\/index.php?rest_route=%2Fwp%2Fv2%2Fmedia&parent=88533"}],"wp:term":[{"taxonomy":"category","embeddable":true,"href":"https:\/\/www.fuldaernachrichten.de\/index.php?rest_route=%2Fwp%2Fv2%2Fcategories&post=88533"},{"taxonomy":"post_tag","embeddable":true,"href":"https:\/\/www.fuldaernachrichten.de\/index.php?rest_route=%2Fwp%2Fv2%2Ftags&post=88533"}],"curies":[{"name":"wp","href":"https:\/\/api.w.org\/{rel}","templated":true}]}}