{"id":88531,"date":"2011-07-27T06:30:39","date_gmt":"2011-07-27T06:30:39","guid":{"rendered":"http:\/\/www.fuldaer-nachrichten.de\/?p=88531"},"modified":"2011-08-01T06:30:57","modified_gmt":"2011-08-01T06:30:57","slug":"kanu-junioren-weltmeisterschaften-mit-den-mannschaftsrennen-in-opava","status":"publish","type":"post","link":"https:\/\/www.fuldaernachrichten.de\/?p=88531","title":{"rendered":"KANU: Junioren-Weltmeisterschaften mit den Mannschaftsrennen in Opava"},"content":{"rendered":"<p><strong>Opava.<\/strong> Mit dem mehrmaligen Gewinn der Vereinswertung bei den Deutschen Meisterschaften in den vergangen Jahren hat sich der Kanu-Club Fulda zu den besten Kanu-Vereinen der Bundesrepublik hervor gearbeitet und beheimatet Creme de la creme der nationalen Paddler-Elite. Doch auch international haben sich die Barockst\u00e4dter einen bemerkenswerten Namen gemacht und j\u00fcngst mit dem Gewinn der Goldmedaille bei der Heim-WM in Augsburg durch Baumann\/Walter den gr\u00f6\u00dften Erfolg der Vereinsgeschichte gefeiert. In Opava (Tschechien) beginnen am Mittwoch die Junioren-Weltmeisterschaften mit den Mannschaftsrennen auf der klassischen Distanz. Dabei stellt der Kanu-Club Fulda mit Julius Stark, Jil-Sophie Eckert und Jan Bauer gleich drei Fuldaer Sportler, die auf dem Fluss Moravice an den Start gehen. Sie wollen der bis dato schon \u00fcberragenden Saison ihres Vereins die Kr\u00f6nung verpassen.<!--more--><\/p>\n<p>Angereist in Opava ist das zw\u00f6lf-k\u00f6pfige Sportlerteam mit Junioren-Nationaltrainer Ralf Beerschwenger und den anderen Betreuern bereits am Sonntag, um durch Trainingsfahrten auf dem Moravice eine optimale Wettkampfvorbereitung zu haben. Daraus wurde leider nichts, der gesamte Fluss war staubtrocken, eine Befahrung unm\u00f6glich. Erst am Montag konnte man sich zum Training begeben: f\u00fcr eine Stunde wurde Zuschusswasser von einem nahegelegenen Staudamm abgelassen.<\/p>\n<p>Bereits nach der ersten Trainingsfahrten stand fest, dass der Moravice kein echtes, schweres Wildwasser zu bieten hat. Vielmehr \u00c2\u00a0\u00e4hnelt er einem Wald und Wiesen Fluss mit viel Str\u00f6mung: Gr\u00f6\u00dfere Wellen und Walzen sind jedoch kaum zu finden. Ein Nachteil f\u00fcr den Wildwassercrack Julius Stark, der das schwere Wasser liebt und von einer Einzel-Medaille im Sprint tr\u00e4umt. &#8220;In der Vorbereitung habe ich gezielt Krafttraining gemacht, um die n\u00f6tige Power f\u00fcr die Strecken zu haben. Die Streckenl\u00e4nge im Sprint betr\u00e4gt ca. 1.40 Minuten, da muss man schon ganz sch\u00f6n Power haben, um das durchzuhalten&#8221;, erkl\u00e4rt Stark seinen Trainingsaufbau.<\/p>\n<p>F\u00fcr eine optimale Vorbereitung auf sein Hauptrennen, dem Einzel-Sprint, l\u00e4sst er sogar das \u00c2\u00a0Classicrennen am Mittwoch sausen, um ausgeruht in sein Sprintrennen am Samstag zu gehen. Dort will er nachdem Gewinn der\u00c2\u00a0 Bronzemedaille bei der Junioren-EM im vergangen Jahr seine zweite internationale Einzelmedaille einfahren. Am Donnerstag steht f\u00fcr ihn zuerst noch das Mannschaftsrennen im Sprint an, wo das deutsche Team ebenfalls als hei\u00dfer Medaillenkandidat gehandelt wird.<\/p>\n<p>Neben Stark wollen auch Jil-Sophie Eckert und Jan Bauer Medaillen f\u00fcr den Kanu-Club Fulda einfahren. Jil-Sophie m\u00f6chte mit den Juniorinnen in den Mannschaftsrennen im Sprint oder Classic auf Podest fahren und eine Medaille mit nach Hause nehmen. Jan Bauer muss sich im Canadier Einer in einem Ausscheidungsrennen erst noch f\u00fcr die Mannschaftsrennen qualifizieren. Hat er diese H\u00fcrde gemeistert, so ist auch f\u00fcr ihn in den Mannschaftsrennen die Medaille auch in greifbarer N\u00e4he. Denn die Deutschen sind seit jeher als gute Mannschaftsfahrer bekannt. (dp)<\/p>\n","protected":false},"excerpt":{"rendered":"<div class=\"tmnf_excerpt\"><p>Opava. Mit dem mehrmaligen Gewinn der Vereinswertung bei den Deutschen Meisterschaften in den vergangen Jahren hat sich der Kanu-Club Fulda zu den besten Kanu-Vereinen der Bundesrepublik hervor gearbeitet und beheimatet Creme de la creme der nationalen Paddler-Elite. Doch auch international haben sich die Barockst\u00e4dter einen bemerkenswerten Namen gemacht und j\u00fcngst mit dem Gewinn der Goldmedaille &hellip;<\/p>\n<\/div>","protected":false},"author":1,"featured_media":0,"comment_status":"closed","ping_status":"closed","sticky":false,"template":"","format":"standard","meta":{"footnotes":""},"categories":[1,46],"tags":[],"class_list":["post-88531","post","type-post","status-publish","format-standard","hentry","category-startseite","category-sport"],"_links":{"self":[{"href":"https:\/\/www.fuldaernachrichten.de\/index.php?rest_route=\/wp\/v2\/posts\/88531","targetHints":{"allow":["GET"]}}],"collection":[{"href":"https:\/\/www.fuldaernachrichten.de\/index.php?rest_route=\/wp\/v2\/posts"}],"about":[{"href":"https:\/\/www.fuldaernachrichten.de\/index.php?rest_route=\/wp\/v2\/types\/post"}],"author":[{"embeddable":true,"href":"https:\/\/www.fuldaernachrichten.de\/index.php?rest_route=\/wp\/v2\/users\/1"}],"replies":[{"embeddable":true,"href":"https:\/\/www.fuldaernachrichten.de\/index.php?rest_route=%2Fwp%2Fv2%2Fcomments&post=88531"}],"version-history":[{"count":0,"href":"https:\/\/www.fuldaernachrichten.de\/index.php?rest_route=\/wp\/v2\/posts\/88531\/revisions"}],"wp:attachment":[{"href":"https:\/\/www.fuldaernachrichten.de\/index.php?rest_route=%2Fwp%2Fv2%2Fmedia&parent=88531"}],"wp:term":[{"taxonomy":"category","embeddable":true,"href":"https:\/\/www.fuldaernachrichten.de\/index.php?rest_route=%2Fwp%2Fv2%2Fcategories&post=88531"},{"taxonomy":"post_tag","embeddable":true,"href":"https:\/\/www.fuldaernachrichten.de\/index.php?rest_route=%2Fwp%2Fv2%2Ftags&post=88531"}],"curies":[{"name":"wp","href":"https:\/\/api.w.org\/{rel}","templated":true}]}}