{"id":88523,"date":"2011-07-27T06:42:56","date_gmt":"2011-07-27T06:42:56","guid":{"rendered":"http:\/\/www.fuldaer-nachrichten.de\/?p=88523"},"modified":"2011-07-27T06:42:56","modified_gmt":"2011-07-27T06:42:56","slug":"rock-am-see-trifft-festival-am-guckaisee-3-tage-musik-und-tanz-in-einzigartiger-atmosphare-2","status":"publish","type":"post","link":"https:\/\/www.fuldaernachrichten.de\/?p=88523","title":{"rendered":"Rock am See trifft Festival am Guckaisee \u2013 3 Tage Musik und Tanz in einzigartiger Atmosph\u00e4re"},"content":{"rendered":"<p><strong><a href=\"http:\/\/www.fuldaer-nachrichten.de\/wp-content\/uploads\/2011\/07\/110725_Poppenhausen.jpg\"><img fetchpriority=\"high\" decoding=\"async\" class=\"alignleft size-thumbnail wp-image-88524\" title=\"110725_Poppenhausen\" src=\"http:\/\/www.fuldaer-nachrichten.de\/wp-content\/uploads\/2011\/07\/110725_Poppenhausen-265x198.jpg\" alt=\"\" width=\"265\" height=\"198\" srcset=\"https:\/\/www.fuldaernachrichten.de\/wp-content\/uploads\/2011\/07\/110725_Poppenhausen-265x198.jpg 265w, https:\/\/www.fuldaernachrichten.de\/wp-content\/uploads\/2011\/07\/110725_Poppenhausen.jpg 592w\" sizes=\"(max-width: 265px) 100vw, 265px\" \/><\/a>Poppenhausen. <\/strong>Los geht es in diesem Jahr schon am Freitag den 05. August um 20.00 Uhr mit Rock am See und der Band \u201eThursday Night Crawlers. Am Samstagabend tritt dann ab 20.00 Uhr die Onkel + Mac Show mit Bertin Gei\u00dfler und Martin Schneider auf. Nach dem Erfolg der letzten Jahre veranstaltet die Gemeinde Poppenhausen (Wasserkuppe) mit Unterst\u00fctzung regionaler Vereine und den Guckaistuben \u2013 Wirtshaus am See sowie den beiden Hauptsponsoren F\u00f6rstina und Licher Braugruppe am 07.08.2011 wieder das Festival am Guckaisee in einzigartiger Atmosph\u00e4re \u2013 unterhalb des Pferdskopfes am einzigen Naturbadesee der hessischen Rh\u00f6n. Der Eintritt ist kostenlos.<!--more--><\/p>\n<p>Das bunte und vielf\u00e4ltige B\u00fchnenprogramm f\u00fcr Jung und Alt wird um 11:30 Uhr durch B\u00fcrgermeister Manfred Helfrich und Ehreng\u00e4ste er\u00f6ffnet. Anschlie\u00dfend spielt der Musikverein Biebertal z\u00fcnftige Blasmusik. Um 14:00 Uhr pr\u00e4sentieren sich die Poppenhausener Kindershowtanzgruppen von Kristina Fleck mit fetzigen Choreographien. Weiter geht es um 14:30 Uhr mit der Band Soundaholics und sattem Sound, der einfach Spa\u00df macht verfeinert durch eine Live-Bl\u00e4ser Section. Um 16.45 Uhr heizt dann die Tanzgruppe \u201eHot-Temptation\u201c mit Ihrer aktuellen Choreographie die Stimmung an, bevor die Rockband \u201eFull flavour\u201c traditionell als letzte Band auftritt.<\/p>\n<p>Dar\u00fcber hinaus erwartet die Kinder ein buntes Rahmenprogramm mit H\u00fcpfburg, Kanu-Schnupperpaddeln und Stockbrot \u00fcber der Feuerstelle backen. F\u00fcr das leibliche Wohl sorgen die Vereine und die Guckaistuben mit Rh\u00f6ner Spezialit\u00e4ten wie heimischen Grillspezialit\u00e4ten, Kaffee und Kuchen, Crepes und Bauernhofeis. Kommen und genie\u00dfen Sie kostenlos tolle Live-Auftritte in einer einzigartigen landschaftlichen Atmosph\u00e4re!<\/p>\n","protected":false},"excerpt":{"rendered":"<div class=\"tmnf_excerpt\"><p>Poppenhausen. Los geht es in diesem Jahr schon am Freitag den 05. August um 20.00 Uhr mit Rock am See und der Band \u201eThursday Night Crawlers. Am Samstagabend tritt dann ab 20.00 Uhr die Onkel + Mac Show mit Bertin Gei\u00dfler und Martin Schneider auf. Nach dem Erfolg der letzten Jahre veranstaltet die Gemeinde Poppenhausen &hellip;<\/p>\n<\/div>","protected":false},"author":1,"featured_media":0,"comment_status":"closed","ping_status":"closed","sticky":false,"template":"","format":"standard","meta":{"footnotes":""},"categories":[1],"tags":[],"class_list":["post-88523","post","type-post","status-publish","format-standard","hentry","category-startseite"],"_links":{"self":[{"href":"https:\/\/www.fuldaernachrichten.de\/index.php?rest_route=\/wp\/v2\/posts\/88523","targetHints":{"allow":["GET"]}}],"collection":[{"href":"https:\/\/www.fuldaernachrichten.de\/index.php?rest_route=\/wp\/v2\/posts"}],"about":[{"href":"https:\/\/www.fuldaernachrichten.de\/index.php?rest_route=\/wp\/v2\/types\/post"}],"author":[{"embeddable":true,"href":"https:\/\/www.fuldaernachrichten.de\/index.php?rest_route=\/wp\/v2\/users\/1"}],"replies":[{"embeddable":true,"href":"https:\/\/www.fuldaernachrichten.de\/index.php?rest_route=%2Fwp%2Fv2%2Fcomments&post=88523"}],"version-history":[{"count":0,"href":"https:\/\/www.fuldaernachrichten.de\/index.php?rest_route=\/wp\/v2\/posts\/88523\/revisions"}],"wp:attachment":[{"href":"https:\/\/www.fuldaernachrichten.de\/index.php?rest_route=%2Fwp%2Fv2%2Fmedia&parent=88523"}],"wp:term":[{"taxonomy":"category","embeddable":true,"href":"https:\/\/www.fuldaernachrichten.de\/index.php?rest_route=%2Fwp%2Fv2%2Fcategories&post=88523"},{"taxonomy":"post_tag","embeddable":true,"href":"https:\/\/www.fuldaernachrichten.de\/index.php?rest_route=%2Fwp%2Fv2%2Ftags&post=88523"}],"curies":[{"name":"wp","href":"https:\/\/api.w.org\/{rel}","templated":true}]}}