{"id":885,"date":"2007-01-18T02:12:55","date_gmt":"2007-01-18T01:12:55","guid":{"rendered":"http:\/\/www.schoene-nachrichten.de\/?p=885"},"modified":"2007-01-17T22:32:43","modified_gmt":"2007-01-17T21:32:43","slug":"staatstheater-kassel-steht-vor-wiedereroffnung","status":"publish","type":"post","link":"https:\/\/www.fuldaernachrichten.de\/?p=885","title":{"rendered":"Staatstheater Kassel steht vor Wiederer\u00f6ffnung"},"content":{"rendered":"<p><strong>Sch\u00f6nes f\u00fcr Theaterfreunde.<\/strong> Nach einer 35 Millionen Euro teuren Sanierung steht das Stammhaus des Staatstheaters in Kassel vor der feierlichen Wiederer\u00f6ffnung. Am ersten Februarwochenende sollen die B\u00fchnen des Opern- und Schauspielhauses mit zwei Premieren und einem Festakt wieder in Betrieb genommen werden. Auf dem Spielplan steht am 3. Februar im Opernhaus Richard Wagners &#8220;Tristan und Isolde&#8221;.<\/p>\n<p>\u00c2\u00a0<\/p>\n<p><!--more--><\/p>\n<p>W\u00e4hrend der zweieinhalbj\u00e4hrigen Sanierung war das Ensemble von Intendant Thomas Bockelmann auf Ausweichb\u00fchnen wie die documenta-Halle angewiesen. In dieser Zeit wurden im Stammhaus der Brandschutz erneuert, Sicherheitsm\u00e4ngel beseitigt und die Haustechnik modernisiert. Au\u00dferdem wurde das Foyer des Gro\u00dfen Hauses v\u00f6llig neu gestaltet. (ddp)<\/p>\n","protected":false},"excerpt":{"rendered":"<div class=\"tmnf_excerpt\"><p>Sch\u00f6nes f\u00fcr Theaterfreunde. Nach einer 35 Millionen Euro teuren Sanierung steht das Stammhaus des Staatstheaters in Kassel vor der feierlichen Wiederer\u00f6ffnung. Am ersten Februarwochenende sollen die B\u00fchnen des Opern- und Schauspielhauses mit zwei Premieren und einem Festakt wieder in Betrieb genommen werden. Auf dem Spielplan steht am 3. Februar im Opernhaus Richard Wagners &#8220;Tristan und &hellip;<\/p>\n<\/div>","protected":false},"author":1,"featured_media":0,"comment_status":"closed","ping_status":"closed","sticky":false,"template":"","format":"standard","meta":{"footnotes":""},"categories":[1,44],"tags":[],"class_list":["post-885","post","type-post","status-publish","format-standard","hentry","category-startseite","category-kultur"],"_links":{"self":[{"href":"https:\/\/www.fuldaernachrichten.de\/index.php?rest_route=\/wp\/v2\/posts\/885","targetHints":{"allow":["GET"]}}],"collection":[{"href":"https:\/\/www.fuldaernachrichten.de\/index.php?rest_route=\/wp\/v2\/posts"}],"about":[{"href":"https:\/\/www.fuldaernachrichten.de\/index.php?rest_route=\/wp\/v2\/types\/post"}],"author":[{"embeddable":true,"href":"https:\/\/www.fuldaernachrichten.de\/index.php?rest_route=\/wp\/v2\/users\/1"}],"replies":[{"embeddable":true,"href":"https:\/\/www.fuldaernachrichten.de\/index.php?rest_route=%2Fwp%2Fv2%2Fcomments&post=885"}],"version-history":[{"count":0,"href":"https:\/\/www.fuldaernachrichten.de\/index.php?rest_route=\/wp\/v2\/posts\/885\/revisions"}],"wp:attachment":[{"href":"https:\/\/www.fuldaernachrichten.de\/index.php?rest_route=%2Fwp%2Fv2%2Fmedia&parent=885"}],"wp:term":[{"taxonomy":"category","embeddable":true,"href":"https:\/\/www.fuldaernachrichten.de\/index.php?rest_route=%2Fwp%2Fv2%2Fcategories&post=885"},{"taxonomy":"post_tag","embeddable":true,"href":"https:\/\/www.fuldaernachrichten.de\/index.php?rest_route=%2Fwp%2Fv2%2Ftags&post=885"}],"curies":[{"name":"wp","href":"https:\/\/api.w.org\/{rel}","templated":true}]}}