{"id":8833,"date":"2008-04-18T00:47:50","date_gmt":"2008-04-17T22:47:50","guid":{"rendered":"http:\/\/www.schoene-nachrichten.de\/?p=8833"},"modified":"2008-04-17T23:54:22","modified_gmt":"2008-04-17T21:54:22","slug":"waermepumpen-vortraege-im-uewag-kundenzentrum","status":"publish","type":"post","link":"https:\/\/www.fuldaernachrichten.de\/?p=8833","title":{"rendered":"W\u00e4rmepumpen-Vortr\u00e4ge im \u00dcWAG-Kundenzentrum"},"content":{"rendered":"<p><strong>Fulda.<\/strong> Am Freitag, 25. April 2008, veranstaltet die \u00dcWAG in ihrem Kundenzentrum in der Fuldaer Bahnhofstra\u00dfe einen Aktionstag zur Umweltw\u00e4rme-Nutzung. Im Rahmen der W\u00e4rmepumpen-Aktionswochen pr\u00e4sentiert der f\u00fchrende osthessische Energieversorger drei Vortr\u00e4ge rund ums Heizen mit der W\u00e4rmepumpe: Bernd Sch\u00e4fer von der Stiebel Eltron GmbH &amp; Co. KG aus Holzminden stellt ab 17:15 Uhr die Leistungsf\u00e4higkeit der W\u00e4rmepumpe vor und beleuchtet unter anderem die Kosten- und Umweltvorteile der Technik.<!--more--><\/p>\n<p>Ab 17:45 Uhr berichtet \u00dcWAG-Energieberater Frank Fleck \u00fcber das F\u00f6rderprogramm des regionalen Energieversorgers f\u00fcr W\u00e4rmepumpenkunden. In seinem Vortrag geht er auch auf den Energieausweis f\u00fcr Wohngeb\u00e4ude ein und zeigt, wie sich mit einer W\u00e4rmepumpe die Energieeffizienz im Heizungsbereich steigern l\u00e4sst.<\/p>\n<p>Im dritten Vortrag des Abends informiert die VR Genossenschaftsbank Fulda eG \u00fcber die Wohnbauf\u00f6rderung des Bundes und der KfW-Bankengruppe und geht dabei insbesondere auf M\u00f6glichkeiten und Voraussetzungen der F\u00f6rderung ein. Beginn dieses Vortrags ist 18:15 Uhr. Im Anschluss an die Vortr\u00e4ge stehen die Referenten bei einem kleinen Imbiss f\u00fcr Fragen und Diskussionen zur Verf\u00fcgung.<\/p>\n<p>Die W\u00e4rmepumpen-Aktionswochen dauern bis einschlie\u00dflich 30. April 2008. Die Informationsausstellung im \u00dcWAG-Kundenzentrum kann t\u00e4glich w\u00e4hrend der \u00d6ffnungszeiten von 09:00 bis 19:00 Uhr (samstags bis 13:00 Uhr) und am Aktionstag 25. April 2008 bis 20:00 Uhr besichtigt werden. Der Eintritt zur Ausstellung und zu allen Vortr\u00e4gen ist frei.<\/p>\n","protected":false},"excerpt":{"rendered":"<div class=\"tmnf_excerpt\"><p>Fulda. Am Freitag, 25. April 2008, veranstaltet die \u00dcWAG in ihrem Kundenzentrum in der Fuldaer Bahnhofstra\u00dfe einen Aktionstag zur Umweltw\u00e4rme-Nutzung. Im Rahmen der W\u00e4rmepumpen-Aktionswochen pr\u00e4sentiert der f\u00fchrende osthessische Energieversorger drei Vortr\u00e4ge rund ums Heizen mit der W\u00e4rmepumpe: Bernd Sch\u00e4fer von der Stiebel Eltron GmbH &amp; Co. KG aus Holzminden stellt ab 17:15 Uhr die Leistungsf\u00e4higkeit &hellip;<\/p>\n<\/div>","protected":false},"author":1,"featured_media":0,"comment_status":"closed","ping_status":"closed","sticky":false,"template":"","format":"standard","meta":{"footnotes":""},"categories":[1,52],"tags":[],"class_list":["post-8833","post","type-post","status-publish","format-standard","hentry","category-startseite","category-umwelt"],"_links":{"self":[{"href":"https:\/\/www.fuldaernachrichten.de\/index.php?rest_route=\/wp\/v2\/posts\/8833","targetHints":{"allow":["GET"]}}],"collection":[{"href":"https:\/\/www.fuldaernachrichten.de\/index.php?rest_route=\/wp\/v2\/posts"}],"about":[{"href":"https:\/\/www.fuldaernachrichten.de\/index.php?rest_route=\/wp\/v2\/types\/post"}],"author":[{"embeddable":true,"href":"https:\/\/www.fuldaernachrichten.de\/index.php?rest_route=\/wp\/v2\/users\/1"}],"replies":[{"embeddable":true,"href":"https:\/\/www.fuldaernachrichten.de\/index.php?rest_route=%2Fwp%2Fv2%2Fcomments&post=8833"}],"version-history":[{"count":0,"href":"https:\/\/www.fuldaernachrichten.de\/index.php?rest_route=\/wp\/v2\/posts\/8833\/revisions"}],"wp:attachment":[{"href":"https:\/\/www.fuldaernachrichten.de\/index.php?rest_route=%2Fwp%2Fv2%2Fmedia&parent=8833"}],"wp:term":[{"taxonomy":"category","embeddable":true,"href":"https:\/\/www.fuldaernachrichten.de\/index.php?rest_route=%2Fwp%2Fv2%2Fcategories&post=8833"},{"taxonomy":"post_tag","embeddable":true,"href":"https:\/\/www.fuldaernachrichten.de\/index.php?rest_route=%2Fwp%2Fv2%2Ftags&post=8833"}],"curies":[{"name":"wp","href":"https:\/\/api.w.org\/{rel}","templated":true}]}}