{"id":88269,"date":"2011-07-19T00:28:18","date_gmt":"2011-07-19T00:28:18","guid":{"rendered":"http:\/\/www.fuldaer-nachrichten.de\/?p=88269"},"modified":"2011-07-18T13:43:49","modified_gmt":"2011-07-18T13:43:49","slug":"fast-900-jugendfeuerwehrmitglieder-beim-kreisjugendfeuerwehrzeltlager-in-burghaun","status":"publish","type":"post","link":"https:\/\/www.fuldaernachrichten.de\/?p=88269","title":{"rendered":"Fast 900 Jugendfeuerwehrmitglieder beim Kreisjugendfeuerwehrzeltlager in Burghaun"},"content":{"rendered":"<p><strong><a href=\"http:\/\/www.fuldaer-nachrichten.de\/wp-content\/uploads\/2011\/07\/110718_Jugendfeuerwehr_003.jpg\"><img decoding=\"async\" class=\"alignleft size-thumbnail wp-image-88270\" title=\"110718_Jugendfeuerwehr_003\" src=\"http:\/\/www.fuldaer-nachrichten.de\/wp-content\/uploads\/2011\/07\/110718_Jugendfeuerwehr_003-265x176.jpg\" alt=\"\" width=\"265\" height=\"176\" srcset=\"https:\/\/www.fuldaernachrichten.de\/wp-content\/uploads\/2011\/07\/110718_Jugendfeuerwehr_003-265x176.jpg 265w, https:\/\/www.fuldaernachrichten.de\/wp-content\/uploads\/2011\/07\/110718_Jugendfeuerwehr_003.jpg 592w\" sizes=\"(max-width: 265px) 100vw, 265px\" \/><\/a><\/strong><\/p>\n<p><strong>Burghaun. <\/strong>Das Zeltlager der Kreisjugendfeuerwehr Fulda fand in diesem Jahr an den ersten beiden Juliwochenenden an der Naherholungsanlage \u201eAm Weiher\u201c in Burghaun statt. Fast 900 Jugendfeuerwehrmitglieder aus dem ganzen Landkreis Fulda kamen zu diesem Event, um jeweils vier spannende Tage zu erleben. Nachdem die Zelte aufgebaut waren, fand jeweils am Donnerstag die Lagerer\u00f6ffnung statt, zu der neben den F\u00fchrungskr\u00e4ften der Feuerwehren auch Landrat Bernd Woide, \u00c2\u00a0Erster Kreisbeigeordnete Dr. Heiko Wingenfeld, der Erste Beigeordneter der Marktgemeinde Burghaun Wolfgang Heinicke sowie zahlreiche politische Mandatstr\u00e4ger erschienen. Hiernach konnten die Jungen und M\u00e4dchen das Camp-Kino in der Haunehalle besuchen. Nach Einbruch der Dunkelheit begann gegen 23 Uhr f\u00fcr die Teilnehmer die erste Nachtruhe des Zeltlagers.<!--more--><\/p>\n<p>Am Freitagmorgen mussten alle wieder fr\u00fch auf die Beine. Um 7 Uhr spielte man die Weckmusik im Feuerwehrstil. Die bestellten Back- und Fleischwaren standen zur Abholung bereit. Dem leckeren Fr\u00fchst\u00fcck vor den Zelten stand nichts mehr im Wege. Anschlie\u00dfend noch Waschen, Z\u00e4hneputzen und der Tag konnte beginnen. Die vielen Helfer der Burghauner Jugendfeuerwehr waren bereits schon unterwegs um die anstehende Programmpunkte vorzubereiten. Heute war die Dorfrallye angesagt. Die einzelnen Jugendgruppen zogen mit einem perfekt ausgearbeiteten Fragebogen los, mussten Informationen zu Burghaun sammeln, Aufgaben l\u00f6sen und kleine Spiele durchf\u00fchren.<\/p>\n<p><a href=\"http:\/\/www.fuldaer-nachrichten.de\/wp-content\/uploads\/2011\/07\/110718_Jugendfeuerwehr_001.jpg\"><img decoding=\"async\" class=\"alignnone size-thumbnail wp-image-88271\" title=\"110718_Jugendfeuerwehr_001\" src=\"http:\/\/www.fuldaer-nachrichten.de\/wp-content\/uploads\/2011\/07\/110718_Jugendfeuerwehr_001-265x176.jpg\" alt=\"\" width=\"265\" height=\"176\" srcset=\"https:\/\/www.fuldaernachrichten.de\/wp-content\/uploads\/2011\/07\/110718_Jugendfeuerwehr_001-265x176.jpg 265w, https:\/\/www.fuldaernachrichten.de\/wp-content\/uploads\/2011\/07\/110718_Jugendfeuerwehr_001.jpg 592w\" sizes=\"(max-width: 265px) 100vw, 265px\" \/> <\/a><a href=\"http:\/\/www.fuldaer-nachrichten.de\/wp-content\/uploads\/2011\/07\/110718_Jugendfeuerwehr_014.jpg\"><img decoding=\"async\" class=\"alignnone size-thumbnail wp-image-88272\" title=\"110718_Jugendfeuerwehr_014\" src=\"http:\/\/www.fuldaer-nachrichten.de\/wp-content\/uploads\/2011\/07\/110718_Jugendfeuerwehr_014-265x176.jpg\" alt=\"\" width=\"265\" height=\"176\" srcset=\"https:\/\/www.fuldaernachrichten.de\/wp-content\/uploads\/2011\/07\/110718_Jugendfeuerwehr_014-265x176.jpg 265w, https:\/\/www.fuldaernachrichten.de\/wp-content\/uploads\/2011\/07\/110718_Jugendfeuerwehr_014.jpg 592w\" sizes=\"(max-width: 265px) 100vw, 265px\" \/><\/a><\/p>\n<p>So galt es, auf dem Weg mehrere in den B\u00e4umen aufgeh\u00e4ngte Gegenst\u00e4nde, die bei \u00c2\u00a0der Feuerwehr Verwendung finden, zu entdecken, sowie verschiedene Geschicklichkeits- und Schnelligkeitsspiele, wie zum Beispiel \u00fcber eine Reifenkette zu laufen, die Reihenfolge von gezeigten Gegenst\u00e4nden zuordnen und Schl\u00fcssel zu passenden Schl\u00f6ssern zuordnen. Weiterhin war der Teamgeist bei dem Bau einer Br\u00fccke aus Papier und Pappe gefragt. Abschlie\u00dfend mussten die Jugendfeuerwehren eine Flo\u00dffahrt \u00fcber den Weiher meistern.<\/p>\n<p>Der Nachmittag stand zur freien Verf\u00fcgung. Eine M\u00f6glichkeit, diese Freizeit zu verbringen war in Burghaun grenzenlos. An der Naherholungsanlage \u201eWeiher\u201c konnten die Jugendlichen Minigolf spielen sowie auf dem See Boot fahren. Hier sah man den ganzen Tag Jugendfeuerwehrmitglieder auf dem Weihersee. Au\u00dferdem konnte man das Freibad in H\u00fcnfeld besuchen. Hierf\u00fcr bekamen die Jugendfeuerwehren einen verg\u00fcnstigten Eintrittspreis.<\/p>\n<p><a href=\"http:\/\/www.fuldaer-nachrichten.de\/wp-content\/uploads\/2011\/07\/110718_Jugendfeuerwehr_002.jpg\"><img loading=\"lazy\" decoding=\"async\" class=\"alignnone size-thumbnail wp-image-88273\" title=\"110718_Jugendfeuerwehr_002\" src=\"http:\/\/www.fuldaer-nachrichten.de\/wp-content\/uploads\/2011\/07\/110718_Jugendfeuerwehr_002-265x176.jpg\" alt=\"\" width=\"265\" height=\"176\" srcset=\"https:\/\/www.fuldaernachrichten.de\/wp-content\/uploads\/2011\/07\/110718_Jugendfeuerwehr_002-265x176.jpg 265w, https:\/\/www.fuldaernachrichten.de\/wp-content\/uploads\/2011\/07\/110718_Jugendfeuerwehr_002.jpg 592w\" sizes=\"(max-width: 265px) 100vw, 265px\" \/> <\/a><a href=\"http:\/\/www.fuldaer-nachrichten.de\/wp-content\/uploads\/2011\/07\/110718_Jugendfeuerwehr_006.jpg\"><img loading=\"lazy\" decoding=\"async\" class=\"alignnone size-thumbnail wp-image-88274\" title=\"110718_Jugendfeuerwehr_006\" src=\"http:\/\/www.fuldaer-nachrichten.de\/wp-content\/uploads\/2011\/07\/110718_Jugendfeuerwehr_006-265x176.jpg\" alt=\"\" width=\"265\" height=\"176\" srcset=\"https:\/\/www.fuldaernachrichten.de\/wp-content\/uploads\/2011\/07\/110718_Jugendfeuerwehr_006-265x176.jpg 265w, https:\/\/www.fuldaernachrichten.de\/wp-content\/uploads\/2011\/07\/110718_Jugendfeuerwehr_006.jpg 592w\" sizes=\"(max-width: 265px) 100vw, 265px\" \/><\/a><\/p>\n<p><a href=\"http:\/\/www.fuldaer-nachrichten.de\/wp-content\/uploads\/2011\/07\/110718_Jugendfeuerwehr_007.jpg\"><img loading=\"lazy\" decoding=\"async\" class=\"alignnone size-thumbnail wp-image-88275\" title=\"110718_Jugendfeuerwehr_007\" src=\"http:\/\/www.fuldaer-nachrichten.de\/wp-content\/uploads\/2011\/07\/110718_Jugendfeuerwehr_007-265x176.jpg\" alt=\"\" width=\"265\" height=\"176\" srcset=\"https:\/\/www.fuldaernachrichten.de\/wp-content\/uploads\/2011\/07\/110718_Jugendfeuerwehr_007-265x176.jpg 265w, https:\/\/www.fuldaernachrichten.de\/wp-content\/uploads\/2011\/07\/110718_Jugendfeuerwehr_007.jpg 592w\" sizes=\"(max-width: 265px) 100vw, 265px\" \/> <\/a><a href=\"http:\/\/www.fuldaer-nachrichten.de\/wp-content\/uploads\/2011\/07\/110718_Jugendfeuerwehr_011.jpg\"><img loading=\"lazy\" decoding=\"async\" class=\"alignnone size-thumbnail wp-image-88276\" title=\"110718_Jugendfeuerwehr_011\" src=\"http:\/\/www.fuldaer-nachrichten.de\/wp-content\/uploads\/2011\/07\/110718_Jugendfeuerwehr_011-265x176.jpg\" alt=\"\" width=\"265\" height=\"176\" srcset=\"https:\/\/www.fuldaernachrichten.de\/wp-content\/uploads\/2011\/07\/110718_Jugendfeuerwehr_011-265x176.jpg 265w, https:\/\/www.fuldaernachrichten.de\/wp-content\/uploads\/2011\/07\/110718_Jugendfeuerwehr_011.jpg 592w\" sizes=\"(max-width: 265px) 100vw, 265px\" \/><\/a><\/p>\n<p>Am Freitagnachmittag fand ebenfalls die Abnahme der Jugendflamme in den Stufen zwei und drei statt. Dies ist ein Ausbildungsnachweis der Deutschen Jugendfeuerwehr. Hierf\u00fcr m\u00fcssen die Jugendlichen nachweisen, dass sie sich im Bereich der Feuerwehrtechnik auskennen. Die Teilnahme an kulturellen Veranstaltungen im eigenen Ort und anderen Veranstaltungen der Kreisjugendfeuerwehr Fulda z\u00e4hlt ebenfalls dazu. Die Jugendflamme wird in drei Stufen durchgef\u00fchrt. Die erste davon findet auf Gemeindeebene statt, die anderen beiden auf Kreisebene im Rahmen des Kreisjugendfeuerwehrzeltlagers. Mit der Abendd\u00e4mmerung begann dann die Nachtwanderung in mehreren Gruppen durch das historische Burghaun.<\/p>\n<p>Wer Bedenken hatte, dass den Jugendlichen eine n\u00e4chtliche F\u00fchrung durch die ehemalige \u201eStadt Burghaun\u201c langweilen k\u00f6nnte, wurde \u00fcberrascht. Die Jugendfeuerwehrmitglieder waren begeistert, zu sehen, wie man vor mehreren hundert Jahren gelebt hat. Der Abschluss des Rundgangs bildete die Besichtigung des alten Burgkellers unter den beiden Kirchen. Hier sorgte die Feuerwehr Burghaun f\u00fcr eine romantische Ausleuchtung. Die Wanderung mit 300 Teilnehmern im ersten Lager und 140 Jugendlichen im zweiten Zeltlager wurde durch Wolfgang Christmann, Josef Staufer und Hans J\u00fcrgen Labsch gef\u00fchrt und erkl\u00e4rt. Der Samstag startete mit feuerwehrtechnischen Ausbildungseinheiten. Hier konnten die Jugendfeuerwehrmitglieder Technik kennenlernen, die sie in ihrer \u00f6rtlichen Feuerwehr nicht haben, sich mit der Handhabung von schweren Ger\u00e4ten erproben und jede Menge Spezialwissen erlernen.<\/p>\n<p><a href=\"http:\/\/www.fuldaer-nachrichten.de\/wp-content\/uploads\/2011\/07\/110718_Jugendfeuerwehr_004.jpg\"><img loading=\"lazy\" decoding=\"async\" class=\"alignnone size-thumbnail wp-image-88277\" title=\"110718_Jugendfeuerwehr_004\" src=\"http:\/\/www.fuldaer-nachrichten.de\/wp-content\/uploads\/2011\/07\/110718_Jugendfeuerwehr_004-265x176.jpg\" alt=\"\" width=\"265\" height=\"176\" srcset=\"https:\/\/www.fuldaernachrichten.de\/wp-content\/uploads\/2011\/07\/110718_Jugendfeuerwehr_004-265x176.jpg 265w, https:\/\/www.fuldaernachrichten.de\/wp-content\/uploads\/2011\/07\/110718_Jugendfeuerwehr_004.jpg 592w\" sizes=\"(max-width: 265px) 100vw, 265px\" \/> <\/a><a href=\"http:\/\/www.fuldaer-nachrichten.de\/wp-content\/uploads\/2011\/07\/110718_Jugendfeuerwehr_005.jpg\"><img loading=\"lazy\" decoding=\"async\" class=\"alignnone size-thumbnail wp-image-88278\" title=\"110718_Jugendfeuerwehr_005\" src=\"http:\/\/www.fuldaer-nachrichten.de\/wp-content\/uploads\/2011\/07\/110718_Jugendfeuerwehr_005-265x176.jpg\" alt=\"\" width=\"265\" height=\"176\" srcset=\"https:\/\/www.fuldaernachrichten.de\/wp-content\/uploads\/2011\/07\/110718_Jugendfeuerwehr_005-265x176.jpg 265w, https:\/\/www.fuldaernachrichten.de\/wp-content\/uploads\/2011\/07\/110718_Jugendfeuerwehr_005.jpg 592w\" sizes=\"(max-width: 265px) 100vw, 265px\" \/><\/a><\/p>\n<p><a href=\"http:\/\/www.fuldaer-nachrichten.de\/wp-content\/uploads\/2011\/07\/110718_Jugendfeuerwehr_008.jpg\"><img loading=\"lazy\" decoding=\"async\" class=\"alignnone size-thumbnail wp-image-88279\" title=\"110718_Jugendfeuerwehr_008\" src=\"http:\/\/www.fuldaer-nachrichten.de\/wp-content\/uploads\/2011\/07\/110718_Jugendfeuerwehr_008-265x176.jpg\" alt=\"\" width=\"265\" height=\"176\" srcset=\"https:\/\/www.fuldaernachrichten.de\/wp-content\/uploads\/2011\/07\/110718_Jugendfeuerwehr_008-265x176.jpg 265w, https:\/\/www.fuldaernachrichten.de\/wp-content\/uploads\/2011\/07\/110718_Jugendfeuerwehr_008.jpg 592w\" sizes=\"(max-width: 265px) 100vw, 265px\" \/><\/a>\u00c2\u00a0<a href=\"http:\/\/www.fuldaer-nachrichten.de\/wp-content\/uploads\/2011\/07\/110718_Jugendfeuerwehr_009.jpg\"><img loading=\"lazy\" decoding=\"async\" class=\"alignnone size-thumbnail wp-image-88281\" title=\"110718_Jugendfeuerwehr_009\" src=\"http:\/\/www.fuldaer-nachrichten.de\/wp-content\/uploads\/2011\/07\/110718_Jugendfeuerwehr_009-265x176.jpg\" alt=\"\" width=\"265\" height=\"176\" srcset=\"https:\/\/www.fuldaernachrichten.de\/wp-content\/uploads\/2011\/07\/110718_Jugendfeuerwehr_009-265x176.jpg 265w, https:\/\/www.fuldaernachrichten.de\/wp-content\/uploads\/2011\/07\/110718_Jugendfeuerwehr_009.jpg 592w\" sizes=\"(max-width: 265px) 100vw, 265px\" \/><\/a><\/p>\n<p>So wurde die Ausbildung in den Bereichen Sprechfunk, Erste Hilfe, Technische Hilfeleistung nach einem Verkehrsunfall, Maschinistenausbildung und Grundt\u00e4tigkeiten mit Rettungsger\u00e4ten und Armaturen angeboten. Au\u00dferdem gab es eine Gruppe, die sich mit einer W\u00e4rmebildkamera besch\u00e4ftigte, und ebenso waren die Feuerwehrtaucher der Stadt Fulda im H\u00fcnfelder Freibad zugegen. Auch ein nicht feuerwehrspezifisches Thema war das Shaken von alkoholfreien Cocktails mit dem Saftwerk. Das Saftwerk ist ein vom Landkreis Fulda gef\u00f6rderter Cocktailstand, der zur Alkoholpr\u00e4vention eingesetzt wird. Dieser versorgte auch am Samstagabend im Rahmen der Lagerdisco, die Teilnehmer mit bunten Mixgetr\u00e4nken. Der \u00dcberschuss der Cocktails soll den Burghauner Kinderg\u00e4rten als Spende zur Verf\u00fcgung gestellt werden.<\/p>\n<p>Ein \u00f6kumenischer Lagergottesdienst mit Pfarrer Gerhard Bug und J\u00f6rg Hammel und der Gestaltung des Posaunenchors geh\u00f6rte ebenfalls zum Zeltlagerprogramm. Die Lagerdisco begann zun\u00e4chst mit dem Wettbewerb \u201eGermany\u00e2\u20ac\u2122s next FireFighter\u201c. Hier wurde mit verschiedenen Spielen der beste Nachwuchsfeuerwehrfrau oder -mann des Zeltlagers gesucht. An diesem letzen Abend durften die Jugendlichen auch etwas l\u00e4nger feiern als sonst. Die Atmosph\u00e4re am herrlichen Zeltplatz an der Burghauner Weiheranlage war gigantisch und die Stimmung war ebenfalls sehr gut. Es gab neben Spezialit\u00e4ten vom Grill auch selbst gebackene Pizza aus dem franz\u00f6sischen Ofen der Feuerwehr Burghaun.<\/p>\n<p><a href=\"http:\/\/www.fuldaer-nachrichten.de\/wp-content\/uploads\/2011\/07\/110718_Jugendfeuerwehr_010.jpg\"><img loading=\"lazy\" decoding=\"async\" class=\"alignnone size-thumbnail wp-image-88282\" title=\"110718_Jugendfeuerwehr_010\" src=\"http:\/\/www.fuldaer-nachrichten.de\/wp-content\/uploads\/2011\/07\/110718_Jugendfeuerwehr_010-265x176.jpg\" alt=\"\" width=\"265\" height=\"176\" srcset=\"https:\/\/www.fuldaernachrichten.de\/wp-content\/uploads\/2011\/07\/110718_Jugendfeuerwehr_010-265x176.jpg 265w, https:\/\/www.fuldaernachrichten.de\/wp-content\/uploads\/2011\/07\/110718_Jugendfeuerwehr_010.jpg 592w\" sizes=\"(max-width: 265px) 100vw, 265px\" \/><\/a> <a href=\"http:\/\/www.fuldaer-nachrichten.de\/wp-content\/uploads\/2011\/07\/110718_Jugendfeuerwehr_012.jpg\"><img loading=\"lazy\" decoding=\"async\" class=\"alignnone size-thumbnail wp-image-88283\" title=\"110718_Jugendfeuerwehr_012\" src=\"http:\/\/www.fuldaer-nachrichten.de\/wp-content\/uploads\/2011\/07\/110718_Jugendfeuerwehr_012-265x176.jpg\" alt=\"\" width=\"265\" height=\"176\" srcset=\"https:\/\/www.fuldaernachrichten.de\/wp-content\/uploads\/2011\/07\/110718_Jugendfeuerwehr_012-265x176.jpg 265w, https:\/\/www.fuldaernachrichten.de\/wp-content\/uploads\/2011\/07\/110718_Jugendfeuerwehr_012.jpg 592w\" sizes=\"(max-width: 265px) 100vw, 265px\" \/><\/a><\/p>\n<p><a href=\"http:\/\/www.fuldaer-nachrichten.de\/wp-content\/uploads\/2011\/07\/110718_Jugendfeuerwehr_013.jpg\"><img loading=\"lazy\" decoding=\"async\" class=\"alignnone size-thumbnail wp-image-88284\" title=\"110718_Jugendfeuerwehr_013\" src=\"http:\/\/www.fuldaer-nachrichten.de\/wp-content\/uploads\/2011\/07\/110718_Jugendfeuerwehr_013-265x176.jpg\" alt=\"\" width=\"265\" height=\"176\" srcset=\"https:\/\/www.fuldaernachrichten.de\/wp-content\/uploads\/2011\/07\/110718_Jugendfeuerwehr_013-265x176.jpg 265w, https:\/\/www.fuldaernachrichten.de\/wp-content\/uploads\/2011\/07\/110718_Jugendfeuerwehr_013.jpg 592w\" sizes=\"(max-width: 265px) 100vw, 265px\" \/><\/a> <a href=\"http:\/\/www.fuldaer-nachrichten.de\/wp-content\/uploads\/2011\/07\/110718_Jugendfeuerwehr_016.jpg\"><img loading=\"lazy\" decoding=\"async\" class=\"alignnone size-thumbnail wp-image-88285\" title=\"110718_Jugendfeuerwehr_016\" src=\"http:\/\/www.fuldaer-nachrichten.de\/wp-content\/uploads\/2011\/07\/110718_Jugendfeuerwehr_016-265x176.jpg\" alt=\"\" width=\"265\" height=\"176\" srcset=\"https:\/\/www.fuldaernachrichten.de\/wp-content\/uploads\/2011\/07\/110718_Jugendfeuerwehr_016-265x176.jpg 265w, https:\/\/www.fuldaernachrichten.de\/wp-content\/uploads\/2011\/07\/110718_Jugendfeuerwehr_016.jpg 592w\" sizes=\"(max-width: 265px) 100vw, 265px\" \/><\/a><\/p>\n<p>Am Sonntag war nach den Betreuerspielen das Aufr\u00e4umen angesagt. Nach dem letzten Mittagessen, das w\u00e4hrend des ganzen Zeltlagers vom Malteser Hilfsdienst aus Petersberg &#8211; Steinau gekocht wurde, fand dann der offizielle Abschluss des Lagers mit der Siegerehrung der Dorfrallye sowie der Betreuerspiele statt. Erst dann waren die Mannschaftszelte zum Abbau freigegeben. Bei der Dorfrally gewannen die Gruppen aus K\u00fcnzell \u2013 Dietershausen vor Flieden \u2013 Buchenrod und K\u00fcnzell \u2013 Bachrain beim ersten Zeltlager. Im darauffolgenden Lager gewannen die Mannschaften aus Neuhof \u2013 Rommerz vor Tann und Hofbieber \u2013 Wiesen. Bei den Betreuern gewann Flieden \u2013 Stork und im zweiten Zeltlager Kalbach \u2013 Oberkalbach.<\/p>\n<p>F\u00fcr die kleinen Verletzungen stand das Team vom\u00c2\u00a0 DRK Ortsverband Burghaun rundum die Uhr bereit und versorgte die Jugendlichen wenn es n\u00f6tig war. W\u00e4hrend sich manch ein Betreuer oder Besucher einer Jugendgruppe die Stimmung durch die teilweise regnerische Wetterlage verderben lie\u00df, sah man den Jugendlichen an, dass auch das miese Wetter nichts daran \u00e4ndert, dass das Zeltlager ihr Jahreshighlight ist. Die Verantwortlichen der Kreisjugendfeuerwehr Fulda mit Kreisjugendfeuerwehrwart Michael Knoth und dem Kreisjugendfeuerwehrausschuss, die auch die Lagerleitung bildeten, waren \u00fcber den Ablauf der beidem Zeltlager \u00fcberaus zufrieden und lobten die Jugendfeuerwehr und Feuerwehr Burghaun f\u00fcr die hervorragende Vorbereitung und Ausrichtung der Veranstaltung.<\/p>\n<p>Auch die Jugendfeuerwehr Burghaun unter der Leitung von Jugendfeuerwehrwart Steffen Hohmann zogen \u00fcber das Zeltlager 2011 eine positive Bilanz. Durch die Bereitstellung des Gel\u00e4ndes der Weiheranlage und die Infrastruktur durch die Marktgemeinde Burghaun, zahlreichen Gewerbetreibenden aus Burghaun und Umgebung, die Spenden dazugegeben haben, konnte Burghaun eine durchaus positive Visitenkarte und Erinnerung f\u00fcr das Zeltlager 2011 hinterlassen.<\/p>\n","protected":false},"excerpt":{"rendered":"<div class=\"tmnf_excerpt\"><p>Burghaun. Das Zeltlager der Kreisjugendfeuerwehr Fulda fand in diesem Jahr an den ersten beiden Juliwochenenden an der Naherholungsanlage \u201eAm Weiher\u201c in Burghaun statt. Fast 900 Jugendfeuerwehrmitglieder aus dem ganzen Landkreis Fulda kamen zu diesem Event, um jeweils vier spannende Tage zu erleben. Nachdem die Zelte aufgebaut waren, fand jeweils am Donnerstag die Lagerer\u00f6ffnung statt, zu &hellip;<\/p>\n<\/div>","protected":false},"author":1,"featured_media":0,"comment_status":"closed","ping_status":"closed","sticky":false,"template":"","format":"standard","meta":{"footnotes":""},"categories":[1,71,72],"tags":[],"class_list":["post-88269","post","type-post","status-publish","format-standard","hentry","category-startseite","category-feuerwehr","category-jugend"],"_links":{"self":[{"href":"https:\/\/www.fuldaernachrichten.de\/index.php?rest_route=\/wp\/v2\/posts\/88269","targetHints":{"allow":["GET"]}}],"collection":[{"href":"https:\/\/www.fuldaernachrichten.de\/index.php?rest_route=\/wp\/v2\/posts"}],"about":[{"href":"https:\/\/www.fuldaernachrichten.de\/index.php?rest_route=\/wp\/v2\/types\/post"}],"author":[{"embeddable":true,"href":"https:\/\/www.fuldaernachrichten.de\/index.php?rest_route=\/wp\/v2\/users\/1"}],"replies":[{"embeddable":true,"href":"https:\/\/www.fuldaernachrichten.de\/index.php?rest_route=%2Fwp%2Fv2%2Fcomments&post=88269"}],"version-history":[{"count":0,"href":"https:\/\/www.fuldaernachrichten.de\/index.php?rest_route=\/wp\/v2\/posts\/88269\/revisions"}],"wp:attachment":[{"href":"https:\/\/www.fuldaernachrichten.de\/index.php?rest_route=%2Fwp%2Fv2%2Fmedia&parent=88269"}],"wp:term":[{"taxonomy":"category","embeddable":true,"href":"https:\/\/www.fuldaernachrichten.de\/index.php?rest_route=%2Fwp%2Fv2%2Fcategories&post=88269"},{"taxonomy":"post_tag","embeddable":true,"href":"https:\/\/www.fuldaernachrichten.de\/index.php?rest_route=%2Fwp%2Fv2%2Ftags&post=88269"}],"curies":[{"name":"wp","href":"https:\/\/api.w.org\/{rel}","templated":true}]}}