{"id":8822,"date":"2008-04-17T01:14:51","date_gmt":"2008-04-16T23:14:51","guid":{"rendered":"http:\/\/www.schoene-nachrichten.de\/?p=8822"},"modified":"2008-04-17T01:14:51","modified_gmt":"2008-04-16T23:14:51","slug":"neue-busse-der-uewag-bus-gmbh-sind-besonders-umweltfreundlich","status":"publish","type":"post","link":"https:\/\/www.fuldaernachrichten.de\/?p=8822","title":{"rendered":"Neue Busse der \u00dcWAG Bus GmbH sind besonders umweltfreundlich"},"content":{"rendered":"<p><a rel=\"lightbox[roadtrip]\" href=\"http:\/\/www.schoene-nachrichten.de\/wp-content\/uploads\/2008\/04\/080417_busse.jpg\" target=\"_blank\"><img decoding=\"async\" class=\"alignleft size-thumbnail wp-image-8823\" title=\"080417_busse\" src=\"http:\/\/www.schoene-nachrichten.de\/wp-content\/uploads\/2008\/04\/080417_busse-128x85.jpg\" alt=\"\" hspace=\"5\" width=\"128\" height=\"85\" align=\"left\" srcset=\"https:\/\/www.fuldaernachrichten.de\/wp-content\/uploads\/2008\/04\/080417_busse-128x84.jpg 128w, https:\/\/www.fuldaernachrichten.de\/wp-content\/uploads\/2008\/04\/080417_busse.jpg 592w\" sizes=\"(max-width: 128px) 100vw, 128px\" \/><\/a><strong>Fulda.<\/strong> Zwei neue Stadtbusse des Herstellers MAN mit innermotorischer Abgasr\u00fcckf\u00fchrung und nachgeschaltetem Filtersystem setzt die \u00dcWAG Bus GmbH (\u00dcBG) jetzt im Stadtbusverkehr Fulda ein. Oberb\u00fcrgermeister Gerhard M\u00f6ller ging zusammen mit den Gesch\u00e4ftsf\u00fchrern der \u00dcWAG Bus GmbH, Dipl.-Ing. (FH) Thomas Lang und Dipl.-Kfm. Klaus W. Aschenbr\u00fccker, auf Jungfernfahrt und nahm die Busse mit der neuen umweltfreundlichen Technik in Augenschein.<!--more--><\/p>\n<p>\u201eDie neuen versch\u00e4rften Abgasnormen in Europa stellen Verkehrsbetriebe und Bushersteller vor gro\u00dfe Herausforderungen. Die heute g\u00fcltigen Euro 4-Grenzwerte haben gegen\u00fcber Euro 3 bereits eine Reduzierung des Stickoxidanteils um etwa 30 Prozent und des Feinstaub-Partikelanteils um rund 80 Prozent gebracht\u201c, erl\u00e4uterte Thomas Lang die derzeitigen Umweltvorschriften, innerhalb derer die Nahverkehrsunternehmen Wirtschaftlichkeit und Klimaschutz in Balance bringen m\u00fcssen. Ab Oktober 2009 tritt die Euro 5-Norm in Kraft, die eine weitere drastische Senkung des Stickoxidanteils vorsieht.<\/p>\n<p>Die beiden neuen MAN-Niederflurbusse f\u00fcr den Fuldaer Stadtbusverkehr mit 35 Sitz- und 48 Stehpl\u00e4tzen sind bereits heute mit der Abgastechnik von morgen ausgestattet. So k\u00f6nnen die dieselbetriebenen Busse sogar das Abgasniveau des wirtschaftlich ung\u00fcnstigeren Erdgasantriebs erreichen. \u201eUnsere neuen Busse \u00fcbertreffen die Vorgaben der Euro 5-Norm und entsprechen dem gegenw\u00e4rtig anspruchsvollsten europ\u00e4ischen Abgasstandard f\u00fcr Busse und Lkw\u201c, berichtete Gesch\u00e4ftsf\u00fchrer Lang dem Fuldaer Oberb\u00fcrgermeister. \u201eEEV\u201c hei\u00dft dieser Standard und steht f\u00fcr \u201eEnhanced Environmentally Friendly Vehicle\u201c, \u00fcbersetzt \u201eBesonders umweltfreundliches Fahrzeug\u201c. Diese Fahrzeuge sto\u00dfen maximal zwei Gramm Stickoxid pro Kilowattstunde aus; nicht mehr als 0,02 Gramm Feinstaub-Ru\u00dfpartikel pro Kilowattstunde verlassen den Auspuff.<\/p>\n<p>M\u00f6glich wird das durch die besondere Art der innermotorischen Verbrennung und ein spezielles Filtersystem. Die Verbrennung des Dieselkraftstoffs im Motor ist dabei so optimiert, dass nur noch geringe Stickoxid-Emissionen entstehen. Die bei der Verbrennung entstehenden Partikel (Feinstaub) werden durch einen nachgeschalteten Filter dem Abgas entzogen.<\/p>\n<p>\u201eDer \u00f6ffentliche Personennahverkehr der \u00dcWAG leistet vom Grundsatz her bereits einen wesentlichen Beitrag, bei steigendem Mobilit\u00e4tsbedarf die Belastungen f\u00fcr die Umwelt in der Stadtregion Fulda zu begrenzen\u201c, sagte Fuldas Oberb\u00fcrgermeister Gerhard M\u00f6ller. \u201eMit dem Einsatz dieser hochmodernen umweltfreundlichen Technik \u00fcbernimmt die \u00dcWAG mit ihren Verkehrsbetrieben auch an dieser Stelle wirtschaftliche und gesellschaftliche Verantwortung.\u201c<\/p>\n<p>Die Verkehrsunternehmen der \u00dcWAG setzen bei der kontinuierlichen Modernisierung und Erneuerung ihrer Fahrzeugflotte stets auf die neueste Technik zur Entlastung der Umwelt. Daher werden seit 2007 ausschlie\u00dflich Fahrzeuge beschafft, die mindestens der Euro 5-Norm entsprechen. Aus wirtschaftlichen Gr\u00fcnden k\u00f6nnen nat\u00fcrlich nicht alle \u00e4lteren Busse auf einen Schlag ausgemustert werden.<\/p>\n<p>\u201eJe wirtschaftlicher ein \u00f6ffentlicher Personennahverkehr arbeitet, desto besser kann er auch seine Funktion erf\u00fcllen\u201c, wei\u00df Oberb\u00fcrgermeister Gerhard M\u00f6ller. \u201eUnd ich bin stolz darauf, dass ein Unternehmen aus der Region, an dem unsere Stadt beteiligt ist, beides bieten kann \u2013 Umweltschutz und Wirtschaftlichkeit.\u201c Denn neben Umweltgesichtspunkten seien f\u00fcr die Fahrg\u00e4ste auch das Fahrtenangebot und die Fahrpreise ein wichtiger Grund, das Auto stehen zu lassen und auf den Bus umzusteigen.<\/p>\n","protected":false},"excerpt":{"rendered":"<div class=\"tmnf_excerpt\"><p>Fulda. Zwei neue Stadtbusse des Herstellers MAN mit innermotorischer Abgasr\u00fcckf\u00fchrung und nachgeschaltetem Filtersystem setzt die \u00dcWAG Bus GmbH (\u00dcBG) jetzt im Stadtbusverkehr Fulda ein. Oberb\u00fcrgermeister Gerhard M\u00f6ller ging zusammen mit den Gesch\u00e4ftsf\u00fchrern der \u00dcWAG Bus GmbH, Dipl.-Ing. (FH) Thomas Lang und Dipl.-Kfm. Klaus W. Aschenbr\u00fccker, auf Jungfernfahrt und nahm die Busse mit der neuen umweltfreundlichen &hellip;<\/p>\n<\/div>","protected":false},"author":1,"featured_media":0,"comment_status":"closed","ping_status":"closed","sticky":false,"template":"","format":"standard","meta":{"footnotes":""},"categories":[1,29,52],"tags":[],"class_list":["post-8822","post","type-post","status-publish","format-standard","hentry","category-startseite","category-politik","category-umwelt"],"_links":{"self":[{"href":"https:\/\/www.fuldaernachrichten.de\/index.php?rest_route=\/wp\/v2\/posts\/8822","targetHints":{"allow":["GET"]}}],"collection":[{"href":"https:\/\/www.fuldaernachrichten.de\/index.php?rest_route=\/wp\/v2\/posts"}],"about":[{"href":"https:\/\/www.fuldaernachrichten.de\/index.php?rest_route=\/wp\/v2\/types\/post"}],"author":[{"embeddable":true,"href":"https:\/\/www.fuldaernachrichten.de\/index.php?rest_route=\/wp\/v2\/users\/1"}],"replies":[{"embeddable":true,"href":"https:\/\/www.fuldaernachrichten.de\/index.php?rest_route=%2Fwp%2Fv2%2Fcomments&post=8822"}],"version-history":[{"count":0,"href":"https:\/\/www.fuldaernachrichten.de\/index.php?rest_route=\/wp\/v2\/posts\/8822\/revisions"}],"wp:attachment":[{"href":"https:\/\/www.fuldaernachrichten.de\/index.php?rest_route=%2Fwp%2Fv2%2Fmedia&parent=8822"}],"wp:term":[{"taxonomy":"category","embeddable":true,"href":"https:\/\/www.fuldaernachrichten.de\/index.php?rest_route=%2Fwp%2Fv2%2Fcategories&post=8822"},{"taxonomy":"post_tag","embeddable":true,"href":"https:\/\/www.fuldaernachrichten.de\/index.php?rest_route=%2Fwp%2Fv2%2Ftags&post=8822"}],"curies":[{"name":"wp","href":"https:\/\/api.w.org\/{rel}","templated":true}]}}