{"id":87987,"date":"2011-07-07T00:54:24","date_gmt":"2011-07-07T00:54:24","guid":{"rendered":"http:\/\/www.fuldaer-nachrichten.de\/?p=87987"},"modified":"2011-07-07T07:56:44","modified_gmt":"2011-07-07T07:56:44","slug":"bilder-des-ungarischen-kunstlers-bela-farago-vernissage-in-der-kunststation","status":"publish","type":"post","link":"https:\/\/www.fuldaernachrichten.de\/?p=87987","title":{"rendered":"Bilder des ungarischen K\u00fcnstlers B\u00e9la Farag\u00c3\u00b3 &#8211; Vernissage in der Kunststation"},"content":{"rendered":"<p><a href=\"http:\/\/www.fuldaer-nachrichten.de\/wp-content\/uploads\/2011\/07\/bela_rhino-klein.jpg\"><img decoding=\"async\" class=\"alignleft size-thumbnail wp-image-87988\" title=\"bela_rhino klein\" src=\"http:\/\/www.fuldaer-nachrichten.de\/wp-content\/uploads\/2011\/07\/bela_rhino-klein-265x143.jpg\" alt=\"\" width=\"265\" height=\"143\" srcset=\"https:\/\/www.fuldaernachrichten.de\/wp-content\/uploads\/2011\/07\/bela_rhino-klein-265x143.jpg 265w, https:\/\/www.fuldaernachrichten.de\/wp-content\/uploads\/2011\/07\/bela_rhino-klein.jpg 448w\" sizes=\"(max-width: 265px) 100vw, 265px\" \/><\/a>Kleinsassen. \u201eIch werde wohl nie an einer Endstation ankommen\u201c, schreibt der K\u00fcnstler B\u00e9la Farag\u00c3\u00b3 \u00fcber seine Ausreise aus seiner Heimat Ungarn. 1980 verlie\u00df er das Land, weil er den Milit\u00e4rdienst verweigerte. Seitdem ist er im Exil. \u201eZur damaligen Zeit war ich noch viel zu unerfahren, um zu wissen, dass ich in einen Zug einsteige, der nirgendwo ankommen wird. Denn alle Punkte, an denen er Halt macht, werden immer nur Zwischenstationen sein. (\u00e2\u20ac\u00a6) Es wird auch nie eine R\u00fcckfahrkarte geben, denn \u2013 wenn ich auch ab und zu an meinen Ausgangsbahnhof zur\u00fcckkehre \u2013 so merke ich doch sehr deutlich, dass auch er nur eine Zwischenstation ist.\u201c So ist sind Exil, Vertreibung, Integration und Fremdheit kurz: der Mensch als Spielball der M\u00e4chte zwischen Heimat und Fremde in fast allen seinen gro\u00dfformatigen Arbeiten auf Papier als Themen pr\u00e4sent.<!--more--><\/p>\n<p>B\u00e9la Farag\u00c3\u00b3 wurde 1958 in Kiskunf\u00e9legyhaza in Ungarn geboren, schloss 1978 sein Fachabitur in Kunst ab und studierte nach seiner Emigration nach Deutschland in D\u00fcsseldorf bei Konrad Klaphek und Georg Baselitz freie Kunst und parallel dazu Restauration von Leinwandbildern an der Stuttgarter Akademie. In N\u00fcrnberg schloss er sein Studium ab und war dort anschlie\u00dfend Dozent f\u00fcr Anatomie. Seit 1987 arbeitet er freischaffend als Maler, Zeichner und Restaurator und hat an zahlreichen Orten vor allem in Deutschland ausgestellt. B\u00e9la Farag\u00c3\u00b3 ist Preistr\u00e4ger der N\u00fcrnberger Nachrichten (2001) und der Ortung III Schwabach (2003). 2011 waren seine Arbeiten in der Internationalen Jugendbegegnungsst\u00e4tte in Ausschwitz zu sehen.<\/p>\n<p><a href=\"http:\/\/www.fuldaer-nachrichten.de\/wp-content\/uploads\/2011\/07\/EinerPasstNichtInDieReihe-klein.jpg\"><img decoding=\"async\" class=\"alignleft size-thumbnail wp-image-87989\" title=\"EinerPasstNichtInDieReihe klein\" src=\"http:\/\/www.fuldaer-nachrichten.de\/wp-content\/uploads\/2011\/07\/EinerPasstNichtInDieReihe-klein-265x182.jpg\" alt=\"\" width=\"265\" height=\"182\" srcset=\"https:\/\/www.fuldaernachrichten.de\/wp-content\/uploads\/2011\/07\/EinerPasstNichtInDieReihe-klein-265x182.jpg 265w, https:\/\/www.fuldaernachrichten.de\/wp-content\/uploads\/2011\/07\/EinerPasstNichtInDieReihe-klein.jpg 448w\" sizes=\"(max-width: 265px) 100vw, 265px\" \/><\/a>Die Ausstellung wird <strong>am Sonntag, 24. Juli, 16 Uhr<\/strong> im Beisein des K\u00fcnstlers im Atelier der Kunststation durch Martin Kre\u00df, den Leiter der Galerie \u201eDestillarta\u201c in Buchschwabach, er\u00f6ffnet und dauert bis zum 18. September 2011. (mb)<\/p>\n<p><strong>KUNSTSTATION KLEINSASSEN<\/strong><\/p>\n<p>Anschrift: An der Milseburg 2, 36145 Hofbieber-Kleinsassen, Tel.: 06657-8002, <a href=\"http:\/\/www.kleinsassen.de\/\">www.kleinsassen.de<\/a><strong><br \/>\n\u00d6ffnungszeiten: Di \u2013 So, 13 \u2013 18 Uhr<\/strong><\/p>\n","protected":false},"excerpt":{"rendered":"<div class=\"tmnf_excerpt\"><p>Kleinsassen. \u201eIch werde wohl nie an einer Endstation ankommen\u201c, schreibt der K\u00fcnstler B\u00e9la Farag\u00c3\u00b3 \u00fcber seine Ausreise aus seiner Heimat Ungarn. 1980 verlie\u00df er das Land, weil er den Milit\u00e4rdienst verweigerte. Seitdem ist er im Exil. \u201eZur damaligen Zeit war ich noch viel zu unerfahren, um zu wissen, dass ich in einen Zug einsteige, der &hellip;<\/p>\n<\/div>","protected":false},"author":1,"featured_media":0,"comment_status":"closed","ping_status":"closed","sticky":false,"template":"","format":"standard","meta":{"footnotes":""},"categories":[1,44],"tags":[],"class_list":["post-87987","post","type-post","status-publish","format-standard","hentry","category-startseite","category-kultur"],"_links":{"self":[{"href":"https:\/\/www.fuldaernachrichten.de\/index.php?rest_route=\/wp\/v2\/posts\/87987","targetHints":{"allow":["GET"]}}],"collection":[{"href":"https:\/\/www.fuldaernachrichten.de\/index.php?rest_route=\/wp\/v2\/posts"}],"about":[{"href":"https:\/\/www.fuldaernachrichten.de\/index.php?rest_route=\/wp\/v2\/types\/post"}],"author":[{"embeddable":true,"href":"https:\/\/www.fuldaernachrichten.de\/index.php?rest_route=\/wp\/v2\/users\/1"}],"replies":[{"embeddable":true,"href":"https:\/\/www.fuldaernachrichten.de\/index.php?rest_route=%2Fwp%2Fv2%2Fcomments&post=87987"}],"version-history":[{"count":1,"href":"https:\/\/www.fuldaernachrichten.de\/index.php?rest_route=\/wp\/v2\/posts\/87987\/revisions"}],"predecessor-version":[{"id":87992,"href":"https:\/\/www.fuldaernachrichten.de\/index.php?rest_route=\/wp\/v2\/posts\/87987\/revisions\/87992"}],"wp:attachment":[{"href":"https:\/\/www.fuldaernachrichten.de\/index.php?rest_route=%2Fwp%2Fv2%2Fmedia&parent=87987"}],"wp:term":[{"taxonomy":"category","embeddable":true,"href":"https:\/\/www.fuldaernachrichten.de\/index.php?rest_route=%2Fwp%2Fv2%2Fcategories&post=87987"},{"taxonomy":"post_tag","embeddable":true,"href":"https:\/\/www.fuldaernachrichten.de\/index.php?rest_route=%2Fwp%2Fv2%2Ftags&post=87987"}],"curies":[{"name":"wp","href":"https:\/\/api.w.org\/{rel}","templated":true}]}}