{"id":87974,"date":"2011-07-06T10:32:33","date_gmt":"2011-07-06T10:32:33","guid":{"rendered":"http:\/\/www.fuldaer-nachrichten.de\/?p=87974"},"modified":"2011-07-06T10:32:33","modified_gmt":"2011-07-06T10:32:33","slug":"344-millionen-euro-vom-land-fur-tagesmutterborsen-flachendeckendes-vermittlungsnetz-in-hessen-aufgebaut","status":"publish","type":"post","link":"https:\/\/www.fuldaernachrichten.de\/?p=87974","title":{"rendered":"3,44 Millionen Euro vom Land f\u00fcr Tagesm\u00fctterb\u00f6rsen Fl\u00e4chendeckendes Vermittlungsnetz in Hessen aufgebaut"},"content":{"rendered":"<p><strong>Wiesbaden.<\/strong> Das Hessische Sozialministerium hat aktuell rund 3,45 Millionen Euro zur F\u00f6rderung von Fachdiensten zur Gewinnung, Vermittlung, Beratung und Qualifizierung von Tagesm\u00fcttern und -v\u00e4tern in Hessen bewilligt \u2013 etwa 250.000 Euro mehr als im vergangenen Jahr. Dies teilt Staatssekret\u00e4rin Petra M\u00fcller-Klepper mit. \u201eHessen misst der Kindertagespflege eine besondere Bedeutung bei. Sie ist inzwischen ein gleichwertiger, elementarer Baustein im Angebot der Kinderbetreuung und leistet einen wichtigen Beitrag f\u00fcr ein familienfreundliches Hessen\u201c, erkl\u00e4rte sie heute in Wiesbaden. \u201eDie Landesmittel flie\u00dfen an 106 Tagesm\u00fctterb\u00f6rsen\u201c, so Petra M\u00fcller-Klepper. Mit Unterst\u00fctzung des Landes sei ein fl\u00e4chendeckendes Vermittlungsnetz aufgebaut worden. Dies habe die Kinderbetreuungslandschaft ver\u00e4ndert und fortentwickelt. Der Ausbau der Tagespflege &#8211; die Betreuung durch Tagesm\u00fctter und Tagesv\u00e4ter &#8211; und ihre qualitative Weiterentwicklung verlaufe in Hessen sehr erfolgreich.<!--more--><\/p>\n<p>Tagesm\u00fctter und -v\u00e4ter bieten nach Ansicht der Staatssekret\u00e4rin eine individuelle, familien\u00e4hnliche, flexible Betreuung. \u201eHierdurch kann den Eltern und insbesondere den Frauen eine echte Wahlfreiheit erm\u00f6glicht werden.\u201c Gerade f\u00fcr Kinder unter drei Jahren sei diese Betreuungsform besonders geeignet. Die besondere Bedeutung der Tagespflege im Zusammenhang mit der Vereinbarkeit von Familie und Erwerbst\u00e4tigkeit werde dadurch unterstrichen, dass die Betreuungszeiten individuell zwischen Eltern und Tagesm\u00fcttern und \u2013 v\u00e4tern ausgehandelt und flexibel auf die Arbeitszeiten der Eltern abgestimmt werden k\u00f6nnten. Die Kindertagespflege sei eine sinnvolle und notwendige Erg\u00e4nzung zu den institutionellen Kinderbetreuungsangeboten.<\/p>\n<p>Laut amtlicher Kinder- und Jugendhilfestatistik gab es zum 1. M\u00e4rz 2010 in Hessen 2.862 Tagespflegepersonen, die insgesamt 8.069 Kinder (darunter 5.622 Kinder unter drei Jahren) betreuten. Das Land f\u00f6rdert nicht nur die Fachdienste, sondern auch die Tagespflegepersonen. Hierf\u00fcr sind 2010 mehr als 13,6 Millionen Euro Landesmittel geflossen. Die F\u00f6rderung der Betreuung von Kindern unter drei Jahren in Tagespflege erfolgt pro betreutem Kind auf Grundlage der Daten der amtlichen Statistik.\u00c2\u00a0 Zuwendungsempf\u00e4nger sind die \u00f6rtlichen Tr\u00e4ger der \u00f6ffentlichen Jugendhilfe, die die Mittel an Tagespflegepersonen, die Kinder unter drei Jahren betreuen, weiterleiten. \u201eDer weitere Ausbau der Kindertagespflege geh\u00f6rt zu den wesentlichen Zielen der Landesregierung. Qualifizierte und motivierte Tagesm\u00fctter und Tagesv\u00e4ter werden f\u00fcr die Umsetzung der Betreuungsgarantie f\u00fcr Kinder unter drei Jahren ab 2013 dringend ben\u00f6tigt. Deshalb ist die Arbeit der Fachdienste von hoher Bedeutung\u00e2\u20ac\u02dc\u201c, betonte die Familien-Staatssekret\u00e4rin.<\/p>\n<p>Das Land f\u00f6rdert seit 1995 den landesweiten Beratungsdienst &#8220;Hessisches Kindertagespflegeb\u00fcro\u201c (Maintal), der sich um den Auf- und Ausbau der Strukturen in der Kindertagespflege k\u00fcmmert. Weiterhin beteiligt es sich an Modellprojekten im Bereich der Kindertagespflege. So hat Hessen gemeinsam mit der Karl K\u00fcbel Stiftung f\u00fcr Kind und Familie zwischen 2007 und 2010 das Pilotprojekt \u201eKindertagespflege \u2013 Qualit\u00e4t und Professionalit\u00e4t durch Kontinuit\u00e4t und sichere Rahmenbedingungen\u201c an sieben Standorten durchgef\u00fchrt mit dem Ziel, Konzepte und L\u00f6sungen f\u00fcr bessere Rahmenbedingungen in der Kindertagespflege zu entwickeln. Zu den Schwerpunktthemen des Projekts geh\u00f6rten beispielsweise der berufliche Status der Tagesm\u00fctter und Tagesv\u00e4ter, die Verl\u00e4sslichkeit ihrer Auslastung und damit ihrer finanziellen Situation, aber auch der Ausbau ihrer Fortbildung, die entscheidenden Einfluss auf die Qualit\u00e4t der Kindertagespflege hat.<\/p>\n","protected":false},"excerpt":{"rendered":"<div class=\"tmnf_excerpt\"><p>Wiesbaden. Das Hessische Sozialministerium hat aktuell rund 3,45 Millionen Euro zur F\u00f6rderung von Fachdiensten zur Gewinnung, Vermittlung, Beratung und Qualifizierung von Tagesm\u00fcttern und -v\u00e4tern in Hessen bewilligt \u2013 etwa 250.000 Euro mehr als im vergangenen Jahr. Dies teilt Staatssekret\u00e4rin Petra M\u00fcller-Klepper mit. \u201eHessen misst der Kindertagespflege eine besondere Bedeutung bei. Sie ist inzwischen ein gleichwertiger, &hellip;<\/p>\n<\/div>","protected":false},"author":1,"featured_media":0,"comment_status":"closed","ping_status":"closed","sticky":false,"template":"","format":"standard","meta":{"footnotes":""},"categories":[1],"tags":[],"class_list":["post-87974","post","type-post","status-publish","format-standard","hentry","category-startseite"],"_links":{"self":[{"href":"https:\/\/www.fuldaernachrichten.de\/index.php?rest_route=\/wp\/v2\/posts\/87974","targetHints":{"allow":["GET"]}}],"collection":[{"href":"https:\/\/www.fuldaernachrichten.de\/index.php?rest_route=\/wp\/v2\/posts"}],"about":[{"href":"https:\/\/www.fuldaernachrichten.de\/index.php?rest_route=\/wp\/v2\/types\/post"}],"author":[{"embeddable":true,"href":"https:\/\/www.fuldaernachrichten.de\/index.php?rest_route=\/wp\/v2\/users\/1"}],"replies":[{"embeddable":true,"href":"https:\/\/www.fuldaernachrichten.de\/index.php?rest_route=%2Fwp%2Fv2%2Fcomments&post=87974"}],"version-history":[{"count":0,"href":"https:\/\/www.fuldaernachrichten.de\/index.php?rest_route=\/wp\/v2\/posts\/87974\/revisions"}],"wp:attachment":[{"href":"https:\/\/www.fuldaernachrichten.de\/index.php?rest_route=%2Fwp%2Fv2%2Fmedia&parent=87974"}],"wp:term":[{"taxonomy":"category","embeddable":true,"href":"https:\/\/www.fuldaernachrichten.de\/index.php?rest_route=%2Fwp%2Fv2%2Fcategories&post=87974"},{"taxonomy":"post_tag","embeddable":true,"href":"https:\/\/www.fuldaernachrichten.de\/index.php?rest_route=%2Fwp%2Fv2%2Ftags&post=87974"}],"curies":[{"name":"wp","href":"https:\/\/api.w.org\/{rel}","templated":true}]}}