{"id":87966,"date":"2011-07-06T10:34:23","date_gmt":"2011-07-06T10:34:23","guid":{"rendered":"http:\/\/www.fuldaer-nachrichten.de\/?p=87966"},"modified":"2011-07-06T10:34:23","modified_gmt":"2011-07-06T10:34:23","slug":"wem-kinder-freude-bereiten-kann-in-dieser-tatigkeit-erfullung-finden-grundqualifikation-zur-tagesmutterzum-tagesvater","status":"publish","type":"post","link":"https:\/\/www.fuldaernachrichten.de\/?p=87966","title":{"rendered":"Wem Kinder Freude bereiten, kann in dieser T\u00e4tigkeit Erf\u00fcllung finden Grundqualifikation zur Tagesmutter\/zum Tagesvater"},"content":{"rendered":"<p><strong><a href=\"http:\/\/www.fuldaer-nachrichten.de\/wp-content\/uploads\/2011\/07\/110706_Tagesmuetter.jpg\"><img decoding=\"async\" class=\"alignleft size-thumbnail wp-image-87967\" title=\"110706_Tagesmuetter\" src=\"http:\/\/www.fuldaer-nachrichten.de\/wp-content\/uploads\/2011\/07\/110706_Tagesmuetter-265x176.jpg\" alt=\"\" width=\"265\" height=\"176\" srcset=\"https:\/\/www.fuldaernachrichten.de\/wp-content\/uploads\/2011\/07\/110706_Tagesmuetter-265x176.jpg 265w, https:\/\/www.fuldaernachrichten.de\/wp-content\/uploads\/2011\/07\/110706_Tagesmuetter.jpg 592w\" sizes=\"(max-width: 265px) 100vw, 265px\" \/><\/a>Fulda. <\/strong>Den zw\u00f6lf Frauen waren Freude und Erleichterung anzusehen: In den H\u00e4nden hielten sie \u2013 gleichsam als Lohn f\u00fcr sechs Monate harten Arbeitens \u2013 ein Zertifikat mit dem Titel, den sie fortan tragen d\u00fcrfen: \u201eKindertagespflegeperson\u201c. Stefan Will, Studienleiter P\u00e4dagogik der Volkshochschule des Landkreises Fulda, \u00fcberreichte den erfolgreichen Kursteilnehmerinnen\u00c2\u00a0 gemeinsam mit den Dozentinnen die Auszeichnung. Das Besondere an dem Kurs \u201eGrundqualifikation zur Tagesmutter\/zum Tagesvater\u201c ist, dass die Jugend\u00e4mter des Landkreises und der Stadt Fulda sowie der Verein \u201eTageseltern Fulda\u201c eingebunden sind und mitwirken. <!--more--><\/p>\n<p>Stefan Will zufolge d\u00fcrfte diese Art der Zusammenarbeit hessenweit einmalig sein. Die Kooperation mit den betreffenden Fachstellen sei f\u00fcr alle ein Gewinn. Das gesamte Team habe eine tolle Leistung gebracht und die Teilnehmerinnen in den vergangenen sechs Monaten, falls erforderlich, sehr gut aufgefangen hat\u201c, lobte Will. Den Dozentinnen ist nur eine kleine Atempause geg\u00f6nnt, geht der n\u00e4chste Kurs doch schon nach den Sommerferien los. Denn die Nachfrage ist sowohl seitens der Interessentinnen als auch seitens der Eltern gro\u00df. F\u00fcr den dann beginnenden Lehrgang hat sich \u00fcbrigens auch ein Mann angemeldet, allerdings gemeinsam mit seiner Ehefrau. Insgesamt gibt es im Landkreis Fulda nur einen so genannten \u201eTagesvater\u201c, und der ist in H\u00fcnfeld zuhause.<\/p>\n<p>Die vergangenen sechs Monate waren f\u00fcr die Kursteilnehmerinnen kein Zuckerschlecken, sondern anstrengendes Lernen in Theorie und Praxis \u2013 und das zwei bis drei Mal pro Woche mit insgesamt 189 Unterrichtseinheiten. Inhalte der Grundqualifizierung sind unter anderem rechtliche Grundlagen der Tagesbetreuung, Psychologie und P\u00e4dagogik, soziales Management und Besch\u00e4ftigung mit Kindern. Alle Lerninhalte entsprechen dem DJI-Curriculum \u201eFortbildung von Tagespflegepersonen\u201c, die vhs des Landkreises Fulda ist mit dem entsprechenden G\u00fctesiegel des Bundesfamilienministeriums, der Bundesagentur f\u00fcr Arbeit und des Landes Hessen zertifiziert. Am Ende steht dann ein Kolloquium, bei dem alle zw\u00f6lf Frauen erfolgreich waren.<\/p>\n<p>\u201eWem Kinder am Herzen liegen und wer so etwas gerne macht, der kann in dieser T\u00e4tigkeit hochgradige Erf\u00fcllung finden\u201c, spornte Stefan Will die frisch gebackenen Tagesm\u00fctter an. \u201eIhr habt in den sechs Monaten seit dem 15. Januar sehr viel Input und damit das R\u00fcstzeug f\u00fcr den Alltag erhalten, was Ihr jetzt umsetzen m\u00fcsst\u201c, betonte Cornelia Hansel seitens der Dozentinnen.<\/p>\n<p><strong>Info<\/strong><\/p>\n<p>Vor der Anmeldung zum vhs-Grundkurs ist ein Zulassungsgespr\u00e4ch mit der zust\u00e4ndigen Sozialarbeiterin notwendig. F\u00fcr Interessenten aus der Stadt Fulda ist dies Frau Becker-Ott (Tel. 0661\/102-1960) und f\u00fcr Interessenten aus den anderen St\u00e4dten und Gemeinden des Landkreises Fulda Frau Krack-Drinnenberg (Tel. 0661\/6006-492).<\/p>\n","protected":false},"excerpt":{"rendered":"<div class=\"tmnf_excerpt\"><p>Fulda. Den zw\u00f6lf Frauen waren Freude und Erleichterung anzusehen: In den H\u00e4nden hielten sie \u2013 gleichsam als Lohn f\u00fcr sechs Monate harten Arbeitens \u2013 ein Zertifikat mit dem Titel, den sie fortan tragen d\u00fcrfen: \u201eKindertagespflegeperson\u201c. Stefan Will, Studienleiter P\u00e4dagogik der Volkshochschule des Landkreises Fulda, \u00fcberreichte den erfolgreichen Kursteilnehmerinnen\u00c2\u00a0 gemeinsam mit den Dozentinnen die Auszeichnung. Das &hellip;<\/p>\n<\/div>","protected":false},"author":1,"featured_media":0,"comment_status":"closed","ping_status":"closed","sticky":false,"template":"","format":"standard","meta":{"footnotes":""},"categories":[1,72],"tags":[],"class_list":["post-87966","post","type-post","status-publish","format-standard","hentry","category-startseite","category-jugend"],"_links":{"self":[{"href":"https:\/\/www.fuldaernachrichten.de\/index.php?rest_route=\/wp\/v2\/posts\/87966","targetHints":{"allow":["GET"]}}],"collection":[{"href":"https:\/\/www.fuldaernachrichten.de\/index.php?rest_route=\/wp\/v2\/posts"}],"about":[{"href":"https:\/\/www.fuldaernachrichten.de\/index.php?rest_route=\/wp\/v2\/types\/post"}],"author":[{"embeddable":true,"href":"https:\/\/www.fuldaernachrichten.de\/index.php?rest_route=\/wp\/v2\/users\/1"}],"replies":[{"embeddable":true,"href":"https:\/\/www.fuldaernachrichten.de\/index.php?rest_route=%2Fwp%2Fv2%2Fcomments&post=87966"}],"version-history":[{"count":0,"href":"https:\/\/www.fuldaernachrichten.de\/index.php?rest_route=\/wp\/v2\/posts\/87966\/revisions"}],"wp:attachment":[{"href":"https:\/\/www.fuldaernachrichten.de\/index.php?rest_route=%2Fwp%2Fv2%2Fmedia&parent=87966"}],"wp:term":[{"taxonomy":"category","embeddable":true,"href":"https:\/\/www.fuldaernachrichten.de\/index.php?rest_route=%2Fwp%2Fv2%2Fcategories&post=87966"},{"taxonomy":"post_tag","embeddable":true,"href":"https:\/\/www.fuldaernachrichten.de\/index.php?rest_route=%2Fwp%2Fv2%2Ftags&post=87966"}],"curies":[{"name":"wp","href":"https:\/\/api.w.org\/{rel}","templated":true}]}}