{"id":87962,"date":"2011-07-06T10:35:49","date_gmt":"2011-07-06T10:35:49","guid":{"rendered":"http:\/\/www.fuldaer-nachrichten.de\/?p=87962"},"modified":"2011-07-06T10:35:49","modified_gmt":"2011-07-06T10:35:49","slug":"die-ferienspiele-laden-ein-zum-ferienzeitkino","status":"publish","type":"post","link":"https:\/\/www.fuldaernachrichten.de\/?p=87962","title":{"rendered":"Die Ferienspiele laden ein zum Ferienzeitkino"},"content":{"rendered":"<p><strong>Lauterbach. <\/strong>Am Freitag, 8. Juli 2011 laden die Ferienspiele Lauterbach\u00c2\u00a0 zum Ferienzeitkino ins Lichtspielhaus Lauterbach ein. Gezeigt wird ein d\u00e4nischer Spielfilm f\u00fcr Kinder ab 6 Jahren aus dem Jahr 2010. Hier ein kleiner Vorgeschmack: Ferien und Sturmfreie Bude. Besser k\u00f6nnen Ferien eigentlich gar nicht beginnen. Doch der \u00c4rger beginnt als die Geschwister Valdemar und Sille das nagelneue Auto ihres Vaters zu Schrott fahren. Am n\u00e4chsten Tag lernt Valdemar den Physiker Benedikt kennen, der ihn \u00fcberredet seine neu erfundene Zeitmaschine zu testen um damit Geld f\u00fcr die Autoreparatur zu verdienen. Pl\u00f6tzlich findet sich Valdemar im Jahre 963 wieder &#8211; zur Zeit der Wikinger in D\u00e4nemark! Dort erf\u00e4hrt er, dass Benedict unsterblich geworden ist, nachdem er von einer Hexe verzaubert wurde. Aber im ewigen Leben gibt es keine Freunde und Liebe und deshalb ist Benedicts einziger Wunsch, ein normales Leben zu f\u00fchren. Selbstverst\u00e4ndlich versuchen Valdemar und Sille dem armen Benedict zu helfen. Und passiert&#8230;<!--more--><\/p>\n<p>Neugierig? Die Vorstellung beginnt um 10 Uhr, der Eintritt betr\u00e4gt \u00e2\u201a\u00ac 3.- pro Person. Das Ferienzeitkino wird unterst\u00fctzt vom Lichtspielhaus Lauterbach und findet in den ersten 3 Wochen der Sommerferienspiele statt. In der kommenden Woche findet das Ferienzeitkino erstmals OPENAIR und Abends um 21 Uhr in der Zentralstation Frischborn statt. Dann wird eine Neuverf\u00f6hlmung eines M\u00e4rchenklassikers gezeigt. Hauptperson im M\u00e4rchen war eine Blondine mit unglaublich langen Haaren. Wer wei\u00df welchen Film wir zeigen? Wer schnippst kommt nicht dran&#8230;<\/p>\n","protected":false},"excerpt":{"rendered":"<div class=\"tmnf_excerpt\"><p>Lauterbach. Am Freitag, 8. Juli 2011 laden die Ferienspiele Lauterbach\u00c2\u00a0 zum Ferienzeitkino ins Lichtspielhaus Lauterbach ein. Gezeigt wird ein d\u00e4nischer Spielfilm f\u00fcr Kinder ab 6 Jahren aus dem Jahr 2010. Hier ein kleiner Vorgeschmack: Ferien und Sturmfreie Bude. Besser k\u00f6nnen Ferien eigentlich gar nicht beginnen. Doch der \u00c4rger beginnt als die Geschwister Valdemar und Sille &hellip;<\/p>\n<\/div>","protected":false},"author":1,"featured_media":0,"comment_status":"closed","ping_status":"closed","sticky":false,"template":"","format":"standard","meta":{"footnotes":""},"categories":[1,44],"tags":[],"class_list":["post-87962","post","type-post","status-publish","format-standard","hentry","category-startseite","category-kultur"],"_links":{"self":[{"href":"https:\/\/www.fuldaernachrichten.de\/index.php?rest_route=\/wp\/v2\/posts\/87962","targetHints":{"allow":["GET"]}}],"collection":[{"href":"https:\/\/www.fuldaernachrichten.de\/index.php?rest_route=\/wp\/v2\/posts"}],"about":[{"href":"https:\/\/www.fuldaernachrichten.de\/index.php?rest_route=\/wp\/v2\/types\/post"}],"author":[{"embeddable":true,"href":"https:\/\/www.fuldaernachrichten.de\/index.php?rest_route=\/wp\/v2\/users\/1"}],"replies":[{"embeddable":true,"href":"https:\/\/www.fuldaernachrichten.de\/index.php?rest_route=%2Fwp%2Fv2%2Fcomments&post=87962"}],"version-history":[{"count":0,"href":"https:\/\/www.fuldaernachrichten.de\/index.php?rest_route=\/wp\/v2\/posts\/87962\/revisions"}],"wp:attachment":[{"href":"https:\/\/www.fuldaernachrichten.de\/index.php?rest_route=%2Fwp%2Fv2%2Fmedia&parent=87962"}],"wp:term":[{"taxonomy":"category","embeddable":true,"href":"https:\/\/www.fuldaernachrichten.de\/index.php?rest_route=%2Fwp%2Fv2%2Fcategories&post=87962"},{"taxonomy":"post_tag","embeddable":true,"href":"https:\/\/www.fuldaernachrichten.de\/index.php?rest_route=%2Fwp%2Fv2%2Ftags&post=87962"}],"curies":[{"name":"wp","href":"https:\/\/api.w.org\/{rel}","templated":true}]}}