{"id":87960,"date":"2011-07-06T10:36:15","date_gmt":"2011-07-06T10:36:15","guid":{"rendered":"http:\/\/www.fuldaer-nachrichten.de\/?p=87960"},"modified":"2011-07-06T10:36:15","modified_gmt":"2011-07-06T10:36:15","slug":"grose-hr3-party-in-schlitz-hr3-moderator-tobias-kammerer-kommt-zum-schlitzer-trachtenfest","status":"publish","type":"post","link":"https:\/\/www.fuldaernachrichten.de\/?p=87960","title":{"rendered":"Gro\u00dfe hr3 party in Schlitz hr3-Moderator Tobias K\u00e4mmerer kommt zum \u201eSchlitzer Trachtenfest\u201c"},"content":{"rendered":"<p><strong><a href=\"http:\/\/www.fuldaer-nachrichten.de\/wp-content\/uploads\/2011\/07\/110706_TobiasK\u00e4mmerer.jpg\"><img decoding=\"async\" class=\"alignleft size-thumbnail wp-image-87961\" title=\"110706_TobiasK\u00e4mmerer\" src=\"http:\/\/www.fuldaer-nachrichten.de\/wp-content\/uploads\/2011\/07\/110706_TobiasK\u00e4mmerer-265x175.jpg\" alt=\"\" width=\"265\" height=\"175\" \/><\/a>Schlitz. <\/strong>Die hr3 party kommt am Sonntag, 10. Juli, von 20.00 Uhr an nach Schlitz! Damit feiert der Heimat- und Trachtenfestverein Schlitzerland das \u201eInternationale Schlitzerl\u00e4nder Heimat- und Trachtenfest\u201c. hr3-Party-Moderator Tobias K\u00e4mmerer spielt an diesem Abend aktuelle Hits aus Rock und Pop und Oldies auf der Open Air-B\u00fchne am Marktplatz. Er garantiert: \u201eIch bin erst zufrieden, wenn sich die Partymenge heiser, verschwitzt und vor Freude berauscht in den Armen liegt\u201c. Einlass auf den Marktplatz ist wegen des Stadtfests tags\u00fcber durchgehend. Der Eintritt zur hr3 party ist frei. Tobias K\u00e4mmerer moderiert werktags zusammen mit Anna-Lena D\u00f6rr die hr3-Morgenshow pop&amp;weck, immer von f\u00fcnf bis zehn Uhr.<!--more--><\/p>\n<p>Mehr Infos gibt es auf der Internetseite <a href=\"http:\/\/www.hr3.de\" target=\"_blank\">www.hr3.de<\/a>.<\/p>\n<p>hr3 party in Schlitz<br \/>\nDatum: Sonntag, 10. Juli<br \/>\nOrt: Open Air-B\u00fchne am Marktplatz, 36110 Schlitz<br \/>\nEinlass: durchgehend<br \/>\nBeginn: ca. 20.00 Uhr<br \/>\nEintritt: frei<\/p>\n","protected":false},"excerpt":{"rendered":"<div class=\"tmnf_excerpt\"><p>Schlitz. Die hr3 party kommt am Sonntag, 10. Juli, von 20.00 Uhr an nach Schlitz! Damit feiert der Heimat- und Trachtenfestverein Schlitzerland das \u201eInternationale Schlitzerl\u00e4nder Heimat- und Trachtenfest\u201c. hr3-Party-Moderator Tobias K\u00e4mmerer spielt an diesem Abend aktuelle Hits aus Rock und Pop und Oldies auf der Open Air-B\u00fchne am Marktplatz. Er garantiert: \u201eIch bin erst zufrieden, &hellip;<\/p>\n<\/div>","protected":false},"author":1,"featured_media":0,"comment_status":"closed","ping_status":"closed","sticky":false,"template":"","format":"standard","meta":{"footnotes":""},"categories":[1],"tags":[],"class_list":["post-87960","post","type-post","status-publish","format-standard","hentry","category-startseite"],"_links":{"self":[{"href":"https:\/\/www.fuldaernachrichten.de\/index.php?rest_route=\/wp\/v2\/posts\/87960","targetHints":{"allow":["GET"]}}],"collection":[{"href":"https:\/\/www.fuldaernachrichten.de\/index.php?rest_route=\/wp\/v2\/posts"}],"about":[{"href":"https:\/\/www.fuldaernachrichten.de\/index.php?rest_route=\/wp\/v2\/types\/post"}],"author":[{"embeddable":true,"href":"https:\/\/www.fuldaernachrichten.de\/index.php?rest_route=\/wp\/v2\/users\/1"}],"replies":[{"embeddable":true,"href":"https:\/\/www.fuldaernachrichten.de\/index.php?rest_route=%2Fwp%2Fv2%2Fcomments&post=87960"}],"version-history":[{"count":0,"href":"https:\/\/www.fuldaernachrichten.de\/index.php?rest_route=\/wp\/v2\/posts\/87960\/revisions"}],"wp:attachment":[{"href":"https:\/\/www.fuldaernachrichten.de\/index.php?rest_route=%2Fwp%2Fv2%2Fmedia&parent=87960"}],"wp:term":[{"taxonomy":"category","embeddable":true,"href":"https:\/\/www.fuldaernachrichten.de\/index.php?rest_route=%2Fwp%2Fv2%2Fcategories&post=87960"},{"taxonomy":"post_tag","embeddable":true,"href":"https:\/\/www.fuldaernachrichten.de\/index.php?rest_route=%2Fwp%2Fv2%2Ftags&post=87960"}],"curies":[{"name":"wp","href":"https:\/\/api.w.org\/{rel}","templated":true}]}}