{"id":87956,"date":"2011-07-06T10:36:50","date_gmt":"2011-07-06T10:36:50","guid":{"rendered":"http:\/\/www.fuldaer-nachrichten.de\/?p=87956"},"modified":"2011-07-07T08:32:45","modified_gmt":"2011-07-07T08:32:45","slug":"kunstworkshop-im-vonderau-museum-sommer-workshop-actionpainting","status":"publish","type":"post","link":"https:\/\/www.fuldaernachrichten.de\/?p=87956","title":{"rendered":"Kunstworkshop im Vonderau Museum: Sommer-Workshop ActionPainting"},"content":{"rendered":"<p><strong><a href=\"http:\/\/www.fuldaer-nachrichten.de\/wp-content\/uploads\/2011\/07\/110706_Actionpainting.jpg\"><img decoding=\"async\" class=\"alignleft size-thumbnail wp-image-87957\" title=\"110706_Actionpainting\" src=\"http:\/\/www.fuldaer-nachrichten.de\/wp-content\/uploads\/2011\/07\/110706_Actionpainting-265x176.jpg\" alt=\"\" width=\"265\" height=\"176\" srcset=\"https:\/\/www.fuldaernachrichten.de\/wp-content\/uploads\/2011\/07\/110706_Actionpainting-265x176.jpg 265w, https:\/\/www.fuldaernachrichten.de\/wp-content\/uploads\/2011\/07\/110706_Actionpainting.jpg 592w\" sizes=\"(max-width: 265px) 100vw, 265px\" \/><\/a>Fulda.<\/strong> Beim Action Painting entstehen Werke von \u00fcberrumpelnder Kraft und unbezweifelbarer Originalit\u00e4t. Die Bilder haben keinen Mittelpunkt, keinen Anfang und kein Ende. Sie entstehen in einer Mischung aus losgel\u00f6ster Aktion und Sensibilit\u00e4t, ganz spontan und unvermittelt. In dem ActionPainting-Workshop des Vonderau Museums wird das Malen selbst zum Bildthema, der Farbverlauf und die Farbfigur werden zum Inhalt. Die Acrylfarben werden mit dicken Pinseln und Spachteln auf den Malgrund aufgetragen, wobei die Bildgestaltung der Intuition \u00fcberlassen bleibt. Nach einem kleinen Einblick in die Kunstgeschichte, mit Musik und einem Gl\u00e4schen Prosecco k\u00f6nnen die Teilnehmer dann den Pinsel in die Farbe tauchen und kreativ loslegen. Wenn es mal \u201ehakt\u201c, hilft die K\u00fcnstlerin Verenz mit neuem Strich, Farbe und Form weiter.<!--more--><\/p>\n<p><a href=\"http:\/\/www.fuldaer-nachrichten.de\/wp-content\/uploads\/2011\/07\/110706_Museum.jpg\"><img fetchpriority=\"high\" decoding=\"async\" class=\"alignnone size-thumbnail wp-image-87958\" title=\"110706_Museum\" src=\"http:\/\/www.fuldaer-nachrichten.de\/wp-content\/uploads\/2011\/07\/110706_Museum-265x184.jpg\" alt=\"\" width=\"265\" height=\"191\" \/><\/a> <a href=\"http:\/\/www.fuldaer-nachrichten.de\/wp-content\/uploads\/2011\/07\/110706_Museum2.jpg\"><img decoding=\"async\" class=\"alignnone size-thumbnail wp-image-87959\" title=\"110706_Museum2\" src=\"http:\/\/www.fuldaer-nachrichten.de\/wp-content\/uploads\/2011\/07\/110706_Museum2-265x198.jpg\" alt=\"\" width=\"265\" height=\"191\" \/><\/a><\/p>\n<p>Anmeldungen f\u00fcr den Workshop am Mittwoch, 20. Juli 2010, 17.00 \u2013 20.00 Uhr, im Vonderau Museum, unter Tel. 0661 \u2013 92 835 18, <a href=\"http:\/\/www.museum-fulda.de\/\">www.museum-fulda.de<\/a> , (K.Wagner) oder direkt bei der K\u00fcnstlerin Verena K\u00fchnlein, Tel 48 00 178, <a href=\"http:\/\/www.verenz.de\/\">www.verenz.de<\/a>. Kursgeb\u00fchr: 59,&#8211;\u00e2\u201a\u00ac. Im Preis sind alle Malutensilien sowie Prosecco und Knabbereien enthalten. (cp)<\/p>\n","protected":false},"excerpt":{"rendered":"<div class=\"tmnf_excerpt\"><p>Fulda. Beim Action Painting entstehen Werke von \u00fcberrumpelnder Kraft und unbezweifelbarer Originalit\u00e4t. Die Bilder haben keinen Mittelpunkt, keinen Anfang und kein Ende. Sie entstehen in einer Mischung aus losgel\u00f6ster Aktion und Sensibilit\u00e4t, ganz spontan und unvermittelt. In dem ActionPainting-Workshop des Vonderau Museums wird das Malen selbst zum Bildthema, der Farbverlauf und die Farbfigur werden zum &hellip;<\/p>\n<\/div>","protected":false},"author":1,"featured_media":0,"comment_status":"closed","ping_status":"closed","sticky":false,"template":"","format":"standard","meta":{"footnotes":""},"categories":[1],"tags":[],"class_list":["post-87956","post","type-post","status-publish","format-standard","hentry","category-startseite"],"_links":{"self":[{"href":"https:\/\/www.fuldaernachrichten.de\/index.php?rest_route=\/wp\/v2\/posts\/87956","targetHints":{"allow":["GET"]}}],"collection":[{"href":"https:\/\/www.fuldaernachrichten.de\/index.php?rest_route=\/wp\/v2\/posts"}],"about":[{"href":"https:\/\/www.fuldaernachrichten.de\/index.php?rest_route=\/wp\/v2\/types\/post"}],"author":[{"embeddable":true,"href":"https:\/\/www.fuldaernachrichten.de\/index.php?rest_route=\/wp\/v2\/users\/1"}],"replies":[{"embeddable":true,"href":"https:\/\/www.fuldaernachrichten.de\/index.php?rest_route=%2Fwp%2Fv2%2Fcomments&post=87956"}],"version-history":[{"count":1,"href":"https:\/\/www.fuldaernachrichten.de\/index.php?rest_route=\/wp\/v2\/posts\/87956\/revisions"}],"predecessor-version":[{"id":87981,"href":"https:\/\/www.fuldaernachrichten.de\/index.php?rest_route=\/wp\/v2\/posts\/87956\/revisions\/87981"}],"wp:attachment":[{"href":"https:\/\/www.fuldaernachrichten.de\/index.php?rest_route=%2Fwp%2Fv2%2Fmedia&parent=87956"}],"wp:term":[{"taxonomy":"category","embeddable":true,"href":"https:\/\/www.fuldaernachrichten.de\/index.php?rest_route=%2Fwp%2Fv2%2Fcategories&post=87956"},{"taxonomy":"post_tag","embeddable":true,"href":"https:\/\/www.fuldaernachrichten.de\/index.php?rest_route=%2Fwp%2Fv2%2Ftags&post=87956"}],"curies":[{"name":"wp","href":"https:\/\/api.w.org\/{rel}","templated":true}]}}