{"id":87950,"date":"2011-07-07T00:12:43","date_gmt":"2011-07-07T00:12:43","guid":{"rendered":"http:\/\/www.fuldaer-nachrichten.de\/?p=87950"},"modified":"2011-07-07T07:31:16","modified_gmt":"2011-07-07T07:31:16","slug":"kabinett-beschliest-anerkennungspramie-fur-ehrenamtliche-feuerwehrangehorige","status":"publish","type":"post","link":"https:\/\/www.fuldaernachrichten.de\/?p=87950","title":{"rendered":"Kabinett beschlie\u00dft Anerkennungspr\u00e4mie f\u00fcr ehrenamtliche Feuerwehrangeh\u00f6rige"},"content":{"rendered":"<p><strong>Wiesbaden.<\/strong> Das hessische Kabinett hat am Montag auf Vorschlag von Innenminister Boris Rhein die Einf\u00fchrung einer Anerkennungspr\u00e4mie f\u00fcr Angeh\u00f6rige der Freiwilligen Feuerwehren beschlossen. Innenminister Boris Rhein: \u201eMit dieser Pr\u00e4mie stellen wir das langj\u00e4hrige ehrenamtliche Engagement in den Freiwilligen Feuerwehren f\u00fcr die Gesellschaft und ihren Dienst am N\u00e4chsten heraus.\u201c In Hessen gibt es sechs Berufsfeuerwehren, dar\u00fcber hinaus sichern rund 74.000 Einsatzkr\u00e4fte in Freiwilligen Feuerwehren den Brandschutz und die allgemeine Hilfe. Voraussetzung f\u00fcr den Erhalt der gestaffelten Anerkennungspr\u00e4mie, ist eine aktive Dienstzeit in einer Einsatzabteilung der Freiwilligen Feuerwehr. <!--more--><\/p>\n<p>So betr\u00e4gt die Anerkennungspr\u00e4mie nach 10 Jahren Dienstzeit 100 Euro, nach 20 Jahren Dienstzeit 200 Euro, nach 30 Jahren Dienstzeit 500 Euro und nach 40 Jahren Dienstzeit 1.000 Euro. Das Land Hessen zahlt die Anerkennungspr\u00e4mie. Im Jahr 2011 hat das Innenministerium hierf\u00fcr 500.000 Euro bereitgestellt. Innenminister Boris Rhein: \u201eDamit unterstreicht die Landesregierung ihre Wertsch\u00e4tzung f\u00fcr die unersetzliche Arbeit der freiwilligen Einsatzkr\u00e4fte und stellt zugleich sicher, dass alle Feuerwehrangeh\u00f6rigen gleich behandelt werden &#8211; unabh\u00e4ngig davon, ob sie in einer finanzstarken oder finanzschwachen Kommune t\u00e4tig sind.\u201c<\/p>\n<p>Die Regelung f\u00fcr die Anerkennungspr\u00e4mie gilt r\u00fcckwirkend ab dem 01.01.2011. Antr\u00e4ge k\u00f6nnen von den Kommunen nach Ver\u00f6ffentlichung des Erlasses im Staatsanzeiger bei den Regierungspr\u00e4sidien gestellt werden. Erlass und Antrag werden dann auf der Homepage des Innenministeriums unter Sicherheit &gt; Feuerwehr &gt; Infothek ver\u00f6ffentlicht.<\/p>\n","protected":false},"excerpt":{"rendered":"<div class=\"tmnf_excerpt\"><p>Wiesbaden. Das hessische Kabinett hat am Montag auf Vorschlag von Innenminister Boris Rhein die Einf\u00fchrung einer Anerkennungspr\u00e4mie f\u00fcr Angeh\u00f6rige der Freiwilligen Feuerwehren beschlossen. Innenminister Boris Rhein: \u201eMit dieser Pr\u00e4mie stellen wir das langj\u00e4hrige ehrenamtliche Engagement in den Freiwilligen Feuerwehren f\u00fcr die Gesellschaft und ihren Dienst am N\u00e4chsten heraus.\u201c In Hessen gibt es sechs Berufsfeuerwehren, dar\u00fcber &hellip;<\/p>\n<\/div>","protected":false},"author":1,"featured_media":0,"comment_status":"closed","ping_status":"closed","sticky":false,"template":"","format":"standard","meta":{"footnotes":""},"categories":[1,71],"tags":[],"class_list":["post-87950","post","type-post","status-publish","format-standard","hentry","category-startseite","category-feuerwehr"],"_links":{"self":[{"href":"https:\/\/www.fuldaernachrichten.de\/index.php?rest_route=\/wp\/v2\/posts\/87950","targetHints":{"allow":["GET"]}}],"collection":[{"href":"https:\/\/www.fuldaernachrichten.de\/index.php?rest_route=\/wp\/v2\/posts"}],"about":[{"href":"https:\/\/www.fuldaernachrichten.de\/index.php?rest_route=\/wp\/v2\/types\/post"}],"author":[{"embeddable":true,"href":"https:\/\/www.fuldaernachrichten.de\/index.php?rest_route=\/wp\/v2\/users\/1"}],"replies":[{"embeddable":true,"href":"https:\/\/www.fuldaernachrichten.de\/index.php?rest_route=%2Fwp%2Fv2%2Fcomments&post=87950"}],"version-history":[{"count":0,"href":"https:\/\/www.fuldaernachrichten.de\/index.php?rest_route=\/wp\/v2\/posts\/87950\/revisions"}],"wp:attachment":[{"href":"https:\/\/www.fuldaernachrichten.de\/index.php?rest_route=%2Fwp%2Fv2%2Fmedia&parent=87950"}],"wp:term":[{"taxonomy":"category","embeddable":true,"href":"https:\/\/www.fuldaernachrichten.de\/index.php?rest_route=%2Fwp%2Fv2%2Fcategories&post=87950"},{"taxonomy":"post_tag","embeddable":true,"href":"https:\/\/www.fuldaernachrichten.de\/index.php?rest_route=%2Fwp%2Fv2%2Ftags&post=87950"}],"curies":[{"name":"wp","href":"https:\/\/api.w.org\/{rel}","templated":true}]}}