{"id":87948,"date":"2011-07-07T00:25:10","date_gmt":"2011-07-07T00:25:10","guid":{"rendered":"http:\/\/www.fuldaer-nachrichten.de\/?p=87948"},"modified":"2011-07-07T07:25:23","modified_gmt":"2011-07-07T07:25:23","slug":"landrat-marx-verabschiedet-traudel-berger-und-gulsun-tosun-in-den-ruhestand","status":"publish","type":"post","link":"https:\/\/www.fuldaernachrichten.de\/?p=87948","title":{"rendered":"Landrat Marx verabschiedet Traudel Berger und G\u00fcls\u00fcn Tosun in den Ruhestand"},"content":{"rendered":"<p><strong><a href=\"http:\/\/www.fuldaer-nachrichten.de\/wp-content\/uploads\/2011\/07\/110706_Verabschiedung.jpg\"><img fetchpriority=\"high\" decoding=\"async\" class=\"alignleft size-thumbnail wp-image-87949\" title=\"110706_Verabschiedung\" src=\"http:\/\/www.fuldaer-nachrichten.de\/wp-content\/uploads\/2011\/07\/110706_Verabschiedung-265x198.jpg\" alt=\"\" width=\"265\" height=\"198\" srcset=\"https:\/\/www.fuldaernachrichten.de\/wp-content\/uploads\/2011\/07\/110706_Verabschiedung-265x198.jpg 265w, https:\/\/www.fuldaernachrichten.de\/wp-content\/uploads\/2011\/07\/110706_Verabschiedung.jpg 592w\" sizes=\"(max-width: 265px) 100vw, 265px\" \/><\/a>Vogelsbergkreis. <\/strong>Traudel Berger aus Alsfeld und G\u00fcls\u00fcn Tosun aus Lauterbach sind aus dem aktiven Dienst beim Vogelsbergkreis ausgeschieden. In einer kleinen Feierstunde im Kreishaus w\u00fcrdigte Landrat Marx den Flei\u00df, die Gewissenhaftigkeit, das Pflichtgef\u00fchl und die Freundlichkeit der langj\u00e4hrigen Mitarbeiterinnen. Traudel Berger, die \u00fcber 40 Jahre in der Kreisverwaltung gearbeitet hat, war seit 1990 im Rechnungspr\u00fcfungsamt in Alsfeld eingesetzt. Dort war sie zuletzt als Pr\u00fcferin im Bereich von Hartz-IV-Leistungen t\u00e4tig.<!--more--><\/p>\n<p>G\u00fcls\u00fcn Tosun war seit 1994 bei der Kreisverwaltung als Reinigungskraft t\u00e4tig, zun\u00e4chst aushilfsweise und ab April 1996 als festangestellte Mitarbeiterin. Personalratsvorsitzender Ernst Heidelbach und Personalchef Erich Bloch dankten ebenfalls den ausscheidenden Kolleginnen f\u00fcr die geleistete gute Arbeit und w\u00fcnschten beiden alles Gute und viel Gesundheit f\u00fcr die Zukunft.<\/p>\n","protected":false},"excerpt":{"rendered":"<div class=\"tmnf_excerpt\"><p>Vogelsbergkreis. Traudel Berger aus Alsfeld und G\u00fcls\u00fcn Tosun aus Lauterbach sind aus dem aktiven Dienst beim Vogelsbergkreis ausgeschieden. In einer kleinen Feierstunde im Kreishaus w\u00fcrdigte Landrat Marx den Flei\u00df, die Gewissenhaftigkeit, das Pflichtgef\u00fchl und die Freundlichkeit der langj\u00e4hrigen Mitarbeiterinnen. Traudel Berger, die \u00fcber 40 Jahre in der Kreisverwaltung gearbeitet hat, war seit 1990 im Rechnungspr\u00fcfungsamt &hellip;<\/p>\n<\/div>","protected":false},"author":1,"featured_media":0,"comment_status":"closed","ping_status":"closed","sticky":false,"template":"","format":"standard","meta":{"footnotes":""},"categories":[1],"tags":[],"class_list":["post-87948","post","type-post","status-publish","format-standard","hentry","category-startseite"],"_links":{"self":[{"href":"https:\/\/www.fuldaernachrichten.de\/index.php?rest_route=\/wp\/v2\/posts\/87948","targetHints":{"allow":["GET"]}}],"collection":[{"href":"https:\/\/www.fuldaernachrichten.de\/index.php?rest_route=\/wp\/v2\/posts"}],"about":[{"href":"https:\/\/www.fuldaernachrichten.de\/index.php?rest_route=\/wp\/v2\/types\/post"}],"author":[{"embeddable":true,"href":"https:\/\/www.fuldaernachrichten.de\/index.php?rest_route=\/wp\/v2\/users\/1"}],"replies":[{"embeddable":true,"href":"https:\/\/www.fuldaernachrichten.de\/index.php?rest_route=%2Fwp%2Fv2%2Fcomments&post=87948"}],"version-history":[{"count":0,"href":"https:\/\/www.fuldaernachrichten.de\/index.php?rest_route=\/wp\/v2\/posts\/87948\/revisions"}],"wp:attachment":[{"href":"https:\/\/www.fuldaernachrichten.de\/index.php?rest_route=%2Fwp%2Fv2%2Fmedia&parent=87948"}],"wp:term":[{"taxonomy":"category","embeddable":true,"href":"https:\/\/www.fuldaernachrichten.de\/index.php?rest_route=%2Fwp%2Fv2%2Fcategories&post=87948"},{"taxonomy":"post_tag","embeddable":true,"href":"https:\/\/www.fuldaernachrichten.de\/index.php?rest_route=%2Fwp%2Fv2%2Ftags&post=87948"}],"curies":[{"name":"wp","href":"https:\/\/api.w.org\/{rel}","templated":true}]}}