{"id":87940,"date":"2011-07-05T10:12:37","date_gmt":"2011-07-05T10:12:37","guid":{"rendered":"http:\/\/www.fuldaer-nachrichten.de\/?p=87940"},"modified":"2011-07-05T10:12:37","modified_gmt":"2011-07-05T10:12:37","slug":"mit-unabhangigem-berater-bares-geld-sparen","status":"publish","type":"post","link":"https:\/\/www.fuldaernachrichten.de\/?p=87940","title":{"rendered":"Mit unabh\u00e4ngigem Berater bares Geld sparen"},"content":{"rendered":"<p><!-- @font-face {   font-family: \"Arial\"; }@font-face {   font-family: \"Calibri\"; }p.MsoNormal, li.MsoNormal, div.MsoNormal { margin: 0cm 0cm 10pt; line-height: 115%; font-size: 11pt; font-family: \"Times New Roman\"; }a:link, span.MsoHyperlink { color: blue; text-decoration: underline; }a:visited, span.MsoHyperlinkFollowed { color: purple; text-decoration: underline; }p { margin-right: 0cm; margin-left: 0cm; font-size: 12pt; font-family: \"Times New Roman\"; }div.Section1 { page: Section1; } --><strong><a href=\"http:\/\/www.fuldaer-nachrichten.de\/wp-content\/uploads\/2011\/07\/110705_Berater.jpg\"><img decoding=\"async\" class=\"alignleft size-thumbnail wp-image-87941\" title=\"110705_Berater\" src=\"http:\/\/www.fuldaer-nachrichten.de\/wp-content\/uploads\/2011\/07\/110705_Berater-265x167.jpg\" alt=\"\" width=\"265\" height=\"167\" srcset=\"https:\/\/www.fuldaernachrichten.de\/wp-content\/uploads\/2011\/07\/110705_Berater-265x167.jpg 265w, https:\/\/www.fuldaernachrichten.de\/wp-content\/uploads\/2011\/07\/110705_Berater.jpg 592w\" sizes=\"(max-width: 265px) 100vw, 265px\" \/><\/a>Fulda-Bronnzell. <\/strong>Welches ist die richtige Versicherung f\u00fcr das eigene Unternehmen, den Fuhrpark\u00c2\u00a0 oder die private Altersvorsorge? Und welcher Versicherungsschutz bietet das beste Preisleistungsverh\u00e4ltnis? Auf dem Weg zum ma\u00dfgeschneiderten Versicherungspaket verlieren viele angesichts der breiten Vielfalt an Angeboten schnell den \u00dcberblick. Genau hier setzt die Arbeit der neu gegr\u00fcndeten Schramm Assekuranz Versicherungsmakler GmbH &amp; Co. KG an: Versicherungsfachwirt und Inhaber Alexander Schramm und sein Team begleiten Unternehmen wie Privatpersonen sicher durch die Versicherungslandschaft und blicken dabei gemeinsam auf eine langj\u00e4hrige Erfahrung in der Branche zur\u00fcck: Als eingespieltes Team mit unterschiedlichen Schwerpunkten arbeiten Alexander Schramm, Peter Pongs und Inna Bejfus bereits seit Jahren eng zusammen \u2013 vor Unternehmensgr\u00fcndung bei einem Versicherungsmaklerunternehmen in Gro\u00dfenl\u00fcder, das von Alexander Schramm mitgegr\u00fcndet und \u00fcber viele Jahre hinweg als Gesellschafter und Gesch\u00e4ftsf\u00fchrer mitgeleitet wurde. <!--more--><\/p>\n<p>\u201eWir beobachten, dass insbesondere die umfassende Beratung von Privatkunden durch einen zentralen Ansprechpartner und die spezielle Expertisen bei Firmen in der B\u00fcrgschafts- und KFZ-Flottenversicherung immer st\u00e4rker nachgefragt werden. Entsprechend sind wir genau in diesen Bereichen stark aufgestellt und vertreten bundesweit Mandanten aus Handel, Handwerk, Gewerbe und Industrie gleicherma\u00dfen wie Privatpersonen\u201c, fasst der Versicherungsfachwirt zusammen. Gerade bei den Fuhrparkversicherungen seien meist erhebliche Firmenwerte abzusichern. Da es deutliche Preisunterschiede zwischen den Versicherungsgesellschaften gebe, suchen Unternehmer einen kompetenten und vor allem unabh\u00e4ngigen Ansprechpartner und Berater.<\/p>\n<p>\u201eAls Full-Service-Dienstleister arbeiten wir eng mit nahezu allen namhaften Versicherungen zusammen und k\u00f6nnen dabei s\u00e4mtliche Angebote objektiv vergleichen. So finden wir gemeinsam mit dem Kunden das passgenaue Versicherungs- oder Finanz-Produkt f\u00fcr die individuellen Anforderungen \u2013 und zwar garantiert zum besten Preisleistungsverh\u00e4ltnis. Der besondere Vorteil f\u00fcr Kunden: Durch die Beratung und Betreuung im Schadenfall entstehen keine zus\u00e4tzlichen Kosten, da die Verg\u00fctung eines Versicherungsmaklers durch den Versicherer erfolgt\u201c, erkl\u00e4rt der 37-j\u00e4hrige Unternehmer. Interessenten k\u00f6nnen gerne einen Termin f\u00fcr ein unverbindliches Beratungsgespr\u00e4ch mit dem Team der Schramm Assekuranz, Am R\u00f6hlingsberg 3-5, Fulda-Bronnzell, vereinbaren unter Telefon (0661) 480556-0 oder per E-Mail unter <a href=\"mailto:kontakt@schramm-assekuranz.de\">kontakt@schramm-assekuranz.de<\/a>. Weitere Informationen gibt es im Internet unter <a href=\"http:\/\/www.schramm-assekuranz.de\/\">www.schramm-assekuranz.de<\/a>.<\/p>\n","protected":false},"excerpt":{"rendered":"<div class=\"tmnf_excerpt\"><p>Fulda-Bronnzell. Welches ist die richtige Versicherung f\u00fcr das eigene Unternehmen, den Fuhrpark\u00c2\u00a0 oder die private Altersvorsorge? Und welcher Versicherungsschutz bietet das beste Preisleistungsverh\u00e4ltnis? Auf dem Weg zum ma\u00dfgeschneiderten Versicherungspaket verlieren viele angesichts der breiten Vielfalt an Angeboten schnell den \u00dcberblick. Genau hier setzt die Arbeit der neu gegr\u00fcndeten Schramm Assekuranz Versicherungsmakler GmbH &amp; Co. KG &hellip;<\/p>\n<\/div>","protected":false},"author":1,"featured_media":0,"comment_status":"closed","ping_status":"closed","sticky":false,"template":"","format":"standard","meta":{"footnotes":""},"categories":[1],"tags":[],"class_list":["post-87940","post","type-post","status-publish","format-standard","hentry","category-startseite"],"_links":{"self":[{"href":"https:\/\/www.fuldaernachrichten.de\/index.php?rest_route=\/wp\/v2\/posts\/87940","targetHints":{"allow":["GET"]}}],"collection":[{"href":"https:\/\/www.fuldaernachrichten.de\/index.php?rest_route=\/wp\/v2\/posts"}],"about":[{"href":"https:\/\/www.fuldaernachrichten.de\/index.php?rest_route=\/wp\/v2\/types\/post"}],"author":[{"embeddable":true,"href":"https:\/\/www.fuldaernachrichten.de\/index.php?rest_route=\/wp\/v2\/users\/1"}],"replies":[{"embeddable":true,"href":"https:\/\/www.fuldaernachrichten.de\/index.php?rest_route=%2Fwp%2Fv2%2Fcomments&post=87940"}],"version-history":[{"count":0,"href":"https:\/\/www.fuldaernachrichten.de\/index.php?rest_route=\/wp\/v2\/posts\/87940\/revisions"}],"wp:attachment":[{"href":"https:\/\/www.fuldaernachrichten.de\/index.php?rest_route=%2Fwp%2Fv2%2Fmedia&parent=87940"}],"wp:term":[{"taxonomy":"category","embeddable":true,"href":"https:\/\/www.fuldaernachrichten.de\/index.php?rest_route=%2Fwp%2Fv2%2Fcategories&post=87940"},{"taxonomy":"post_tag","embeddable":true,"href":"https:\/\/www.fuldaernachrichten.de\/index.php?rest_route=%2Fwp%2Fv2%2Ftags&post=87940"}],"curies":[{"name":"wp","href":"https:\/\/api.w.org\/{rel}","templated":true}]}}