{"id":87936,"date":"2011-07-05T10:14:00","date_gmt":"2011-07-05T10:14:00","guid":{"rendered":"http:\/\/www.fuldaer-nachrichten.de\/?p=87936"},"modified":"2011-07-05T10:14:00","modified_gmt":"2011-07-05T10:14:00","slug":"tagesfahrt-der-vhs-nach-seligenstadt","status":"publish","type":"post","link":"https:\/\/www.fuldaernachrichten.de\/?p=87936","title":{"rendered":"Tagesfahrt der VHS nach Seligenstadt"},"content":{"rendered":"<p><strong>Fulda. <\/strong>Am Dienstag, 19. Juli, bietet die Volkshochschule der Stadt Fulda im Rahmen der Reihe \u201eKreuz und quer durchs Heimatland\u201c eine Fahrt in das romantische Seligenstadt an. Kleine Gassen, malerische Winkel und gepflegte, farbenpr\u00e4chtige Fachwerkh\u00e4user aus verschiedenen Epochen dokumentieren die \u00fcber 1000-j\u00e4hrige Stadtgeschichte. Eindrucksvolle Sehensw\u00fcrdigkeiten sind eine ehemalige Benediktinerabtei und einen Apothekergarten. Die Gassen rund um den malerischen Marktplatz laden zum Bummeln ein.<!--more--><\/p>\n<p>Wir fahren mit dem Zug nach Seligenstadt und betrachten uns bei hoffentlich sch\u00f6nem Wetter die verschiedenen Sehensw\u00fcrdigkeiten. Die Teilnehmer treffen sich um 8.45 Uhr am Bahnhof vor der Bahnhofsmission bei Gleis 1 und werden gegen 19.00 Uhr wieder in Fulda eintreffen. Zur Planung ist eine vorherige Anmeldung in der Gesch\u00e4ftsstelle der Volkshochschule Unterm Heilig Kreuz oder unter Telefon 0661-102-14 77, erforderlich.<\/p>\n","protected":false},"excerpt":{"rendered":"<div class=\"tmnf_excerpt\"><p>Fulda. Am Dienstag, 19. Juli, bietet die Volkshochschule der Stadt Fulda im Rahmen der Reihe \u201eKreuz und quer durchs Heimatland\u201c eine Fahrt in das romantische Seligenstadt an. Kleine Gassen, malerische Winkel und gepflegte, farbenpr\u00e4chtige Fachwerkh\u00e4user aus verschiedenen Epochen dokumentieren die \u00fcber 1000-j\u00e4hrige Stadtgeschichte. Eindrucksvolle Sehensw\u00fcrdigkeiten sind eine ehemalige Benediktinerabtei und einen Apothekergarten. Die Gassen rund &hellip;<\/p>\n<\/div>","protected":false},"author":1,"featured_media":0,"comment_status":"closed","ping_status":"closed","sticky":false,"template":"","format":"standard","meta":{"footnotes":""},"categories":[1,52],"tags":[],"class_list":["post-87936","post","type-post","status-publish","format-standard","hentry","category-startseite","category-umwelt"],"_links":{"self":[{"href":"https:\/\/www.fuldaernachrichten.de\/index.php?rest_route=\/wp\/v2\/posts\/87936","targetHints":{"allow":["GET"]}}],"collection":[{"href":"https:\/\/www.fuldaernachrichten.de\/index.php?rest_route=\/wp\/v2\/posts"}],"about":[{"href":"https:\/\/www.fuldaernachrichten.de\/index.php?rest_route=\/wp\/v2\/types\/post"}],"author":[{"embeddable":true,"href":"https:\/\/www.fuldaernachrichten.de\/index.php?rest_route=\/wp\/v2\/users\/1"}],"replies":[{"embeddable":true,"href":"https:\/\/www.fuldaernachrichten.de\/index.php?rest_route=%2Fwp%2Fv2%2Fcomments&post=87936"}],"version-history":[{"count":0,"href":"https:\/\/www.fuldaernachrichten.de\/index.php?rest_route=\/wp\/v2\/posts\/87936\/revisions"}],"wp:attachment":[{"href":"https:\/\/www.fuldaernachrichten.de\/index.php?rest_route=%2Fwp%2Fv2%2Fmedia&parent=87936"}],"wp:term":[{"taxonomy":"category","embeddable":true,"href":"https:\/\/www.fuldaernachrichten.de\/index.php?rest_route=%2Fwp%2Fv2%2Fcategories&post=87936"},{"taxonomy":"post_tag","embeddable":true,"href":"https:\/\/www.fuldaernachrichten.de\/index.php?rest_route=%2Fwp%2Fv2%2Ftags&post=87936"}],"curies":[{"name":"wp","href":"https:\/\/api.w.org\/{rel}","templated":true}]}}