{"id":87928,"date":"2011-07-05T10:17:17","date_gmt":"2011-07-05T10:17:17","guid":{"rendered":"http:\/\/www.fuldaer-nachrichten.de\/?p=87928"},"modified":"2011-07-05T10:17:17","modified_gmt":"2011-07-05T10:17:17","slug":"coaching-auf-augenhohe-fur-langzeitarbeitslose","status":"publish","type":"post","link":"https:\/\/www.fuldaernachrichten.de\/?p=87928","title":{"rendered":"Coaching auf Augenh\u00f6he f\u00fcr Langzeitarbeitslose"},"content":{"rendered":"<p><strong><a href=\"http:\/\/www.fuldaer-nachrichten.de\/wp-content\/uploads\/2011\/07\/110705_Coaching.jpg\"><img fetchpriority=\"high\" decoding=\"async\" class=\"alignnone size-full wp-image-87929\" title=\"110705_Coaching\" src=\"http:\/\/www.fuldaer-nachrichten.de\/wp-content\/uploads\/2011\/07\/110705_Coaching.jpg\" alt=\"\" width=\"592\" height=\"261\" srcset=\"https:\/\/www.fuldaernachrichten.de\/wp-content\/uploads\/2011\/07\/110705_Coaching.jpg 592w, https:\/\/www.fuldaernachrichten.de\/wp-content\/uploads\/2011\/07\/110705_Coaching-265x116.jpg 265w\" sizes=\"(max-width: 592px) 100vw, 592px\" \/><\/a>Fulda. <\/strong>\u201eBewerbungstrainings bringen ALG II-Beziehern nichts!\u201c So lautete 2009 das Fazit einer Studie des Instituts f\u00fcr Arbeitsmarkt- und Berufsforschung in N\u00fcrnberg. Das Amt f\u00fcr Arbeit und Soziales des Landkreises Fulda, das f\u00fcr die Wiedereingliederung der Langzeitarbeitslosen zust\u00e4ndig ist, hat vor einem Jahr einen neuen Ansatz f\u00fcr das F\u00f6rderinstrument entwickelt und kann heute eine der erfolgreichsten Ma\u00dfnahmen seit Bestehen der Optionskommune pr\u00e4sentieren. Die \u201eUnterst\u00fctzte Jobsuche mit Bewerberservice\u201c, so der offizielle Arbeitstitel der Ma\u00dfnahme, beinhaltet drei Module: das Erstellen von Bewerbungsunterlagen, allgemeine Tipps f\u00fcr die Arbeitsuche und ein Einzelcoaching. Umgesetzt wird die Ma\u00dfnahme vom Kreisverband Fulda Stadt und Land der Arbeiterwohlfahrt (AWO) und vom Bildungszentrum des Hessischen Handels (bz).<\/p>\n<p>Foto: Max Colin Heydenreich<!--more--><\/p>\n<p>Mit der maximal 15 Stunden dauernden Ma\u00dfnahme wird nicht nur das unmittelbare Ziel der Integration in den Arbeitsmarkt verfolgt. \u201eWir geben vor allem auch Hilfe zur Selbsthilfe, damit unsere Kunden im Anschluss an die Ma\u00dfnahme f\u00e4hig sind, selbst gute Bewerbungen zu schreiben, passende Stellen zu finden und sich beim Arbeitgeber entsprechend zu pr\u00e4sentieren\u201c, erl\u00e4utert Markus Vogt, Teamleiter Eingliederung beim Amt f\u00fcr Arbeit und Soziales. Dort entscheiden die zust\u00e4ndigen Fallmanager wie Sonja Giebenhain, ob der Kunde ein geeigneter Kandidat f\u00fcr die \u201eUnterst\u00fctzte Jobsuche\u201c ist.<\/p>\n<p>Aufgaben wie die Sichtung der vorhandenen Unterlagen, die Zusammenstellung einer vollst\u00e4ndigen Bewerbungsmappe, die Schulung im Umgang mit Internet-Jobb\u00f6rsen, die Analyse von Stellenangeboten oder die Vorbereitung auf Vorstellungsgespr\u00e4che haben erfahrene Berater von AWO und bz \u00fcbernommen. Dabei betonen beide Tr\u00e4ger den personenbezogenen Ansatz dieser Ma\u00dfnahme. \u201eDer sozialarbeiterische Hintergrund ist uns sehr wichtig. Wir m\u00fcssen erkennen, welche F\u00e4higkeiten der Mensch hat, zu welcher Stelle er passt oder wo er \u00fcberfordert w\u00e4re\u201c, erl\u00e4utert Edith Becker, Gesch\u00e4ftsf\u00fchrerin der AWO.<\/p>\n<p>Das Coaching auf Augenh\u00f6he wissen die Kunden sehr zu sch\u00e4tzen. \u201eAllein h\u00e4tte ich das nie auf die Reihe gekriegt\u201c, ist Andreas Czerwinski \u00fcberzeugt. Der 38-J\u00e4hrige hatte keine abgeschlossene Berufsausbildung und sich deshalb lange Zeit mit Hilfsarbeiterjobs \u00fcber Wasser gehalten. Zwei Jahre war er arbeitslos, dann besuchte er auf Empfehlung seines Arbeitsvermittlers einen Altenpflegehelferkurs und fand mit Unterst\u00fctzung von Martina Sohmen-K\u00f6tt, Niederlassungsleiterin des bz in Fulda, \u00fcber eine Zeitarbeitsfirma einen ersten Einstieg in den Beruf. Vor wenigen Tagen hat Czerwinski einen festen Arbeitsvertrag bei einer Fuldaer Altenpflegeeinrichtung bekommen.<\/p>\n<p>Von einem Arbeitsvertrag tr\u00e4umt auch Irene Voht, die vor 13 Jahren aus Kasachstan nach Fulda kam. In ihrer Heimat hatte sie den Beruf der Arzthelferin erlernt und ausge\u00fcbt. Ihre Berufsausbildung wurde in Deutschland jedoch nicht anerkannt und so absolvierte die heute 49-J\u00e4hrige eine Ausbildung zur B\u00fcrokauffrau. Anschlie\u00dfend arbeitete sie vier Jahre in der Reinigungsbranche bis die Gesundheit ihr einen Strich durch die Rechnung machte. \u201eJetzt bewerbe ich mich auf alles, was passen k\u00f6nnte\u201c, sagt Voht, \u201eund bin froh und dankbar f\u00fcr die Unterst\u00fctzung, die ich hier bekomme.\u201c<\/p>\n<p>Dass das Ermutigen und Begleiten der Kunden wesentliche Bestandteile der Ma\u00dfnahme sind, heben beide Tr\u00e4ger gleicherma\u00dfen hervor. \u201eWir nehmen uns viel Zeit, gehen in einem Vier-Augen-Gespr\u00e4ch in die Tiefe und versuchen, die oft ausgepr\u00e4gte Unsicherheit zu nehmen\u201c, sagt Berater Reinhold Stier. AWO-Projektleiter Bernd K\u00f6hler erg\u00e4nzt: \u201eWir bauen auf den individuellen St\u00e4rken auf und geben unseren Ansprechpartnern beim Amt R\u00fcckmeldung, ob gegebenenfalls flankierende Ma\u00dfnahmen wie Schuldnerberatung oder psychosoziale Beratung sinnvoll w\u00e4ren.\u201c<\/p>\n<p>Seit dem 1. Juli 2010 l\u00e4uft die \u201eUnterst\u00fctze Jobsuche mit Bewerberservice\u201c. Bis heute haben rund 500 Personen die Ma\u00dfnahme bzw. einzelne Module in Anspruch genommen. Davon haben fast 200 ALG II-Bezieher w\u00e4hrend oder im Anschluss an die Ma\u00dfnahme eine Arbeitsstelle gefunden. \u201eDas ist eine Erfolgsbilanz, die es in kaum einer Ma\u00dfnahmeart gibt\u201c, freut sich Ulrich Nesemann, Sachgebietsleiter Aktivierende Hilfen beim Amt f\u00fcr Arbeit und Soziales. Die derzeit g\u00fcnstigen Arbeitsmarktbedingungen seien, so Nesemann, zwar grunds\u00e4tzlich f\u00f6rderlich, die gute Quote f\u00fchre er aber in erster Linie auf den neuen, personenbezogenen Ansatz zur\u00fcck. Und so verwundert es nicht, dass die Ma\u00dfnahme nicht wie urspr\u00fcnglich ausgeschrieben zum 30. Juni 2011 endete, sondern um ein weiteres Jahr verl\u00e4ngert wurde.<\/p>\n","protected":false},"excerpt":{"rendered":"<div class=\"tmnf_excerpt\"><p>Fulda. \u201eBewerbungstrainings bringen ALG II-Beziehern nichts!\u201c So lautete 2009 das Fazit einer Studie des Instituts f\u00fcr Arbeitsmarkt- und Berufsforschung in N\u00fcrnberg. Das Amt f\u00fcr Arbeit und Soziales des Landkreises Fulda, das f\u00fcr die Wiedereingliederung der Langzeitarbeitslosen zust\u00e4ndig ist, hat vor einem Jahr einen neuen Ansatz f\u00fcr das F\u00f6rderinstrument entwickelt und kann heute eine der erfolgreichsten &hellip;<\/p>\n<\/div>","protected":false},"author":1,"featured_media":0,"comment_status":"closed","ping_status":"closed","sticky":false,"template":"","format":"standard","meta":{"footnotes":""},"categories":[1,53,78],"tags":[],"class_list":["post-87928","post","type-post","status-publish","format-standard","hentry","category-startseite","category-bildung","category-topthema"],"_links":{"self":[{"href":"https:\/\/www.fuldaernachrichten.de\/index.php?rest_route=\/wp\/v2\/posts\/87928","targetHints":{"allow":["GET"]}}],"collection":[{"href":"https:\/\/www.fuldaernachrichten.de\/index.php?rest_route=\/wp\/v2\/posts"}],"about":[{"href":"https:\/\/www.fuldaernachrichten.de\/index.php?rest_route=\/wp\/v2\/types\/post"}],"author":[{"embeddable":true,"href":"https:\/\/www.fuldaernachrichten.de\/index.php?rest_route=\/wp\/v2\/users\/1"}],"replies":[{"embeddable":true,"href":"https:\/\/www.fuldaernachrichten.de\/index.php?rest_route=%2Fwp%2Fv2%2Fcomments&post=87928"}],"version-history":[{"count":0,"href":"https:\/\/www.fuldaernachrichten.de\/index.php?rest_route=\/wp\/v2\/posts\/87928\/revisions"}],"wp:attachment":[{"href":"https:\/\/www.fuldaernachrichten.de\/index.php?rest_route=%2Fwp%2Fv2%2Fmedia&parent=87928"}],"wp:term":[{"taxonomy":"category","embeddable":true,"href":"https:\/\/www.fuldaernachrichten.de\/index.php?rest_route=%2Fwp%2Fv2%2Fcategories&post=87928"},{"taxonomy":"post_tag","embeddable":true,"href":"https:\/\/www.fuldaernachrichten.de\/index.php?rest_route=%2Fwp%2Fv2%2Ftags&post=87928"}],"curies":[{"name":"wp","href":"https:\/\/api.w.org\/{rel}","templated":true}]}}