{"id":87918,"date":"2011-07-04T11:29:24","date_gmt":"2011-07-04T11:29:24","guid":{"rendered":"http:\/\/www.fuldaer-nachrichten.de\/?p=87918"},"modified":"2011-07-04T11:29:24","modified_gmt":"2011-07-04T11:29:24","slug":"franz-liszt-in-perfektion-internationaler-orgelsommer-im-hohen-dom-zu-fulda","status":"publish","type":"post","link":"https:\/\/www.fuldaernachrichten.de\/?p=87918","title":{"rendered":"\u201eFranz Liszt in Perfektion\u201c \u2013 Internationaler Orgelsommer im Hohen Dom zu Fulda"},"content":{"rendered":"<p><strong>Fulda<\/strong>. 2011 begeht die Musikwelt den 200. Geburtstag des Komponisten Franz Liszt, der 1811 geboren wurde. Aus diesem Anlass werden im Rahmen des diesj\u00e4hrigen internationalen Orgelsommers im Dom zu Fulda gleich mehrere Orgelkompositionen dieses bedeutenden deutschen Komponisten zur Auff\u00fchrung gebracht. Vier weit \u00fcber die Grenzen Deutschlands hinaus bekannte Organisten werden die gro\u00dfe Orgel zum Klingen bringen und dabei im wahrsten Sinne des Wortes \u201ealle Register\u201c ihres K\u00f6nnens ziehen. Das Spektrum der Komponisten reicht dabei von Jubilar Liszt \u00fcber Anton Bruckner und Felix Mendelssohn Bartholdy bis hin zu Richard Wagner.<!--more--><\/p>\n<p>\u201eWir freuen uns, den Freunden der Orgelmusik von nah und fern auch in diesem Jahr wieder exquisite Musik- und Klangerlebnisse versprechen zu k\u00f6nnen\u201c, betont der Leiter der Konzertreihe, Domorganist Prof. Hans-J\u00fcrgen Kaiser. \u201eUnsere Veranstaltungsreihe im Kontext des Kultursommers Main-Kinzig-Fulda hat sich innerhalb kurzer Zeit einen guten Namen gemacht \u2013 und dies in gleicher Weise sowohl bei erkl\u00e4rten Kennern wie auch bei Laien, die sich ohne Vorkenntnisse der Orgelliteratur einfach am gro\u00dfen Klangspektrum der K\u00f6nigin der Instrumente erfreuen wollen. Beide Zielgruppen werden bei uns im Hohen Dom voll auf ihre Kosten kommen.\u201c Auch in diesem Jahr konnten die Organisatoren wieder ausgewiesene Interpreten verpflichten \u2013 schlie\u00dflich genie\u00dft Fulda in der Fachwelt einen ausgezeichneten Ruf. Der barocke Dom gilt als bauliches Juwel, die gro\u00dfe Orgel (72 Register auf 4 Manualen) ist ein hervorragendes Instrument und wurde durch zahlreiche Konzerte und CD-Aufnahmen, nicht zuletzt \u00fcber die verschiedenen von Domorganist Kaiser eingespielten CD-Produktionen einem internationalen Publikum bekannt.<\/p>\n<p>Die vierteilige Konzertreihe beginnt am 10. Juli mit dem L\u00fcbecker Organisten Franz Danksagm\u00fclle<strong>r<\/strong>, Professor f\u00fcr Orgel und Improvisation an der Musikhochschule in L\u00fcbeck. Er spielt die I. Sonate f-Moll von Mendelssohn Bartholdy sowie die Kompositionen \u201eWeinen, Klagen, Sorgen, Zagen\u201c und \u201eDante\u201c von Franz Liszt. Es folgt der Wiener Organist Robert Kov\u00e1cs, der am 24. Juli im Dom gastiert. Sein Konzertprogramm umfasst Pr\u00e4ludium und Fuge in a-Moll, op. 607, sowie das Pr\u00e4ludium in a-Moll, op. 698\/19, von Carl Czerny, Richard Wagners Pilgerchor aus dem Tannh\u00e4user, das Pr\u00e4ludium in C-Dur von Anton Bruckner sowie die Kompositionen \u201eAm Grabe Richard Wagners\u201c und \u201eAd nos, ad salutarem undam\u201c von Franz Liszt. Der in Ungarn geborene Kov\u00e1cs hat zahlreiche Preise gewonnen, gastierte mit vielen gro\u00dfen Solisten und Orchestern und ist derzeit Domorganist und Kirchenmusikreferent der Di\u00f6zese Eisenstadt.<\/p>\n<p>Das dritte Konzert des internationalen Orgelsommers bestreitet am 7. August der M\u00fcnchener Harald Feller. Er ist Professor und Leiter einer eigenen Orgelklasse an der Musikhochschule M\u00fcnchen und hat auf mehreren Kontinenten gefeierte Konzerte gegeben. In Fulda spielt Feller die Kompositionen \u201eIch hatte viel Bek\u00fcmmernis\u201c und \u201eAdagio\u201c von Johann Sebastian Bach (beide arrangiert von Liszt), ebenfalls Richard Wagners Pilgerchor aus dem Tannh\u00e4user, die Sonate c-Moll von Julius Reubke sowie die Werke \u201ePr\u00e4ludium und Fuge \u00fcber B-A-C-H\u201c und \u201eEvocation \u00c3\u00a0 la Chapelle Sixtine\u201c von Franz Liszt. Zum Abschluss der vierteiligen Reihe sonnt\u00e4glicher Konzerte kommt am 21. August der Franzose Patrick Delabre nach Fulda.<\/p>\n<p>Er ist Titularorganist an der ber\u00fchmten Kathedrale von Chartres und Orgelprofessor an den Konservatorien von Chartres und Luc\u00e9. Prof. Delabres Programm reicht von Robert Schumanns Kinderszenen op. 15 \u00fcber \u201eIntroduktion und Variationen\u201c von Jehan Alain und eigene Improvisationen bis zu den Liszt-Werken \u201ePr\u00e4ludium und Fuge \u00fcber B-A-C-H\u201c und \u201eLes Morts\u201c. \u201eViele Freunde klassischer Musik kennen Franz Liszt vor allem als Klaviervirtuosen\u201c, erl\u00e4utert Prof. Hans-J\u00fcrgen Kaiser. \u201eDoch neben Orchester und Chorwerken schuf Liszt auch ein umf\u00e4ngliches Orgelwerk. Einige der eindrucksvollsten Kompositionen werden wir aus Anlass des 200. Geburtstags in Fulda zur Auff\u00fchrung bringen.\u201c<\/p>\n<p>Die Konzerte beginnen an den vier Sonntagen jeweils um 16.30 Uhr. Der erhobene Kostenbeitrag ist mit jeweils 7 Euro (erm\u00e4\u00dfigt 4 Euro), gemessen am Niveau der Interpreten, ausgesprochen niedrig. Weitere Informationen unter <a href=\"http:\/\/www.orgelmusik.bistum-fulda.de\/\">www.orgelmusik.bistum-fulda.de<\/a>. Ein Programmheft, erh\u00e4ltlich an der Tageskasse oder als Download, gibt ausf\u00fchrliche Informationen zu den Interpreten und den ausgew\u00e4hlten Werken.<\/p>\n","protected":false},"excerpt":{"rendered":"<div class=\"tmnf_excerpt\"><p>Fulda. 2011 begeht die Musikwelt den 200. Geburtstag des Komponisten Franz Liszt, der 1811 geboren wurde. Aus diesem Anlass werden im Rahmen des diesj\u00e4hrigen internationalen Orgelsommers im Dom zu Fulda gleich mehrere Orgelkompositionen dieses bedeutenden deutschen Komponisten zur Auff\u00fchrung gebracht. Vier weit \u00fcber die Grenzen Deutschlands hinaus bekannte Organisten werden die gro\u00dfe Orgel zum Klingen &hellip;<\/p>\n<\/div>","protected":false},"author":1,"featured_media":0,"comment_status":"closed","ping_status":"closed","sticky":false,"template":"","format":"standard","meta":{"footnotes":""},"categories":[1,50,44],"tags":[],"class_list":["post-87918","post","type-post","status-publish","format-standard","hentry","category-startseite","category-kirche","category-kultur"],"_links":{"self":[{"href":"https:\/\/www.fuldaernachrichten.de\/index.php?rest_route=\/wp\/v2\/posts\/87918","targetHints":{"allow":["GET"]}}],"collection":[{"href":"https:\/\/www.fuldaernachrichten.de\/index.php?rest_route=\/wp\/v2\/posts"}],"about":[{"href":"https:\/\/www.fuldaernachrichten.de\/index.php?rest_route=\/wp\/v2\/types\/post"}],"author":[{"embeddable":true,"href":"https:\/\/www.fuldaernachrichten.de\/index.php?rest_route=\/wp\/v2\/users\/1"}],"replies":[{"embeddable":true,"href":"https:\/\/www.fuldaernachrichten.de\/index.php?rest_route=%2Fwp%2Fv2%2Fcomments&post=87918"}],"version-history":[{"count":0,"href":"https:\/\/www.fuldaernachrichten.de\/index.php?rest_route=\/wp\/v2\/posts\/87918\/revisions"}],"wp:attachment":[{"href":"https:\/\/www.fuldaernachrichten.de\/index.php?rest_route=%2Fwp%2Fv2%2Fmedia&parent=87918"}],"wp:term":[{"taxonomy":"category","embeddable":true,"href":"https:\/\/www.fuldaernachrichten.de\/index.php?rest_route=%2Fwp%2Fv2%2Fcategories&post=87918"},{"taxonomy":"post_tag","embeddable":true,"href":"https:\/\/www.fuldaernachrichten.de\/index.php?rest_route=%2Fwp%2Fv2%2Ftags&post=87918"}],"curies":[{"name":"wp","href":"https:\/\/api.w.org\/{rel}","templated":true}]}}