{"id":87916,"date":"2011-07-04T11:30:04","date_gmt":"2011-07-04T11:30:04","guid":{"rendered":"http:\/\/www.fuldaer-nachrichten.de\/?p=87916"},"modified":"2011-07-04T11:30:04","modified_gmt":"2011-07-04T11:30:04","slug":"wack-woarscht-on-wie","status":"publish","type":"post","link":"https:\/\/www.fuldaernachrichten.de\/?p=87916","title":{"rendered":"W\u00e4ck Woarscht on Wie"},"content":{"rendered":"<p><strong>Weinberg.<\/strong> Treffen im &#8220;Garten der Weingeschichte&#8221; unterhalb des Klosters am Frauenberg wieder am Samstag 9.7.2011\u00c2\u00a0 von 14:00-18:30 Uhr bei W\u00e4ck (Frauenberger Br\u00f6tchen), Woarscht (hausmacher Rh\u00f6ner Bauernwurst) und Wie (Wein aus dem Konventskeller) und weingeistigen Gespr\u00e4chen.<!--more--><\/p>\n<p>Weinforum am Freitag, 15.7. 19:30 im Weinberg<br \/>\nGeliebte Rote (Rotweine aus dem Konventskeller)<br \/>\nZu den Rotweinen gibt es ein Gulasch vom Hirschkalb<br \/>\n20 \u00e2\u201a\u00ac f\u00fcr Mitglieder \u2013 26 \u00e2\u201a\u00ac f\u00fcr G\u00e4ste<br \/>\nAnmeldungen wie \u00fcblich Hartmann@weinhistorischer-konvent.de oder Tel 0661\/3802720 \u2013 Fax 3802740<\/p>\n","protected":false},"excerpt":{"rendered":"<div class=\"tmnf_excerpt\"><p>Weinberg. Treffen im &#8220;Garten der Weingeschichte&#8221; unterhalb des Klosters am Frauenberg wieder am Samstag 9.7.2011\u00c2\u00a0 von 14:00-18:30 Uhr bei W\u00e4ck (Frauenberger Br\u00f6tchen), Woarscht (hausmacher Rh\u00f6ner Bauernwurst) und Wie (Wein aus dem Konventskeller) und weingeistigen Gespr\u00e4chen.<\/p>\n<\/div>","protected":false},"author":1,"featured_media":0,"comment_status":"closed","ping_status":"closed","sticky":false,"template":"","format":"standard","meta":{"footnotes":""},"categories":[1,37],"tags":[],"class_list":["post-87916","post","type-post","status-publish","format-standard","hentry","category-startseite","category-essen-und-trinken"],"_links":{"self":[{"href":"https:\/\/www.fuldaernachrichten.de\/index.php?rest_route=\/wp\/v2\/posts\/87916","targetHints":{"allow":["GET"]}}],"collection":[{"href":"https:\/\/www.fuldaernachrichten.de\/index.php?rest_route=\/wp\/v2\/posts"}],"about":[{"href":"https:\/\/www.fuldaernachrichten.de\/index.php?rest_route=\/wp\/v2\/types\/post"}],"author":[{"embeddable":true,"href":"https:\/\/www.fuldaernachrichten.de\/index.php?rest_route=\/wp\/v2\/users\/1"}],"replies":[{"embeddable":true,"href":"https:\/\/www.fuldaernachrichten.de\/index.php?rest_route=%2Fwp%2Fv2%2Fcomments&post=87916"}],"version-history":[{"count":0,"href":"https:\/\/www.fuldaernachrichten.de\/index.php?rest_route=\/wp\/v2\/posts\/87916\/revisions"}],"wp:attachment":[{"href":"https:\/\/www.fuldaernachrichten.de\/index.php?rest_route=%2Fwp%2Fv2%2Fmedia&parent=87916"}],"wp:term":[{"taxonomy":"category","embeddable":true,"href":"https:\/\/www.fuldaernachrichten.de\/index.php?rest_route=%2Fwp%2Fv2%2Fcategories&post=87916"},{"taxonomy":"post_tag","embeddable":true,"href":"https:\/\/www.fuldaernachrichten.de\/index.php?rest_route=%2Fwp%2Fv2%2Ftags&post=87916"}],"curies":[{"name":"wp","href":"https:\/\/api.w.org\/{rel}","templated":true}]}}