{"id":87914,"date":"2011-07-04T11:32:26","date_gmt":"2011-07-04T11:32:26","guid":{"rendered":"http:\/\/www.fuldaer-nachrichten.de\/?p=87914"},"modified":"2011-07-04T11:32:26","modified_gmt":"2011-07-04T11:32:26","slug":"zeit-ist-geld-arbeitsbescheinigung-rechtzeitig-ausfullen","status":"publish","type":"post","link":"https:\/\/www.fuldaernachrichten.de\/?p=87914","title":{"rendered":"\u00ef\u00bb\u00bfZeit ist Geld \u2013 Arbeitsbescheinigung rechtzeitig ausfu\u00cc\u02c6llen"},"content":{"rendered":"<p><strong>Fulda.<\/strong> Arbeitgeber sind verpflichtet, Mitarbeitern bereits beim Ausscheiden eine Arbeitsbescheinigung auszuh\u00e4ndigen. Vollst\u00e4ndig und zeitnah ausgestellte Bescheinigungen helfen, Ru\u00cc\u02c6ckfragen beim Arbeitgeber und Zahlungsverz\u00f6gerungen bei dem betroffenen Arbeitslosen zu vermeiden. Schon bei der Abgabe des Antrags auf Arbeitslosengeld erfahren die Arbeitnehmer in der Regel sofort die H\u00f6he und die Bezugsdauer ihres Arbeitslosengeldes. Auch werde das Geld in ann\u00e4hernd neunzig Prozent der F\u00e4lle dann sofort angewiesen. Voraussetzung dafu\u00cc\u02c6r ist, dass mit dem Antrag alle notwendigen Unterlagen vollst\u00e4ndig ausgefu\u00cc\u02c6llt vorliegen. Dazu geh\u00f6rt insbesondere die Arbeitsbe-scheinigung. Sie ist der wichtigste Beleg fu\u00cc\u02c6r die Entscheidung u\u00cc\u02c6ber einen Anspruch auf Arbeitslosengeld.<!--more--><\/p>\n<p>\u201eDer Arbeitgeber ist zur Ausstellung dieser Bescheinigung bereits bei Beendigung des Arbeits- oder Ausbildungsverh\u00e4ltnisses und nicht erst nach Anforderung durch den ehemaligen Mitarbeiter oder der Agentur fu\u00cc\u02c6r Arbeit gesetzlich verpflichtet\u201c, sagt Sandra Hertrampf, Bereichsleiterin der Agentur fu\u00cc\u02c6r Arbeit Fulda. Um das Arbeitslosengeld berechnen zu k\u00f6nnen, ben\u00f6tigt der Sachbearbeiter Angaben zum zuvor erzielten Arbeitsentgelt. Was oft zu Missverst\u00e4ndnissen fu\u00cc\u02c6hrt: Arbeitgeber mu\u00cc\u02c6ssen mit dem Ausstellen der Arbeitsbescheinigung nicht warten, bis auch der Monat des Ausscheidens abgerechnet ist. Hertrampf stellt klar: \u201eEs ist lediglich erforderlich, dass das am Tage des Ausscheidens bereits abgerechnete Einkommen der letzten zw\u00f6lf Monate bescheinigt wird. Ist beispielsweise der letzte Arbeitstag der 30. Juni und ist an diesem Tag die Abrechnung fu\u00cc\u02c6r den Monat Juni noch nicht fertig, sind fu\u00cc\u02c6r die Arbeitsbescheinigung auch nur die Angaben bis einschlie\u00dflich Mai erforderlich.\u201c Den Vordruck gibt es im Internet unter <a href=\"http:\/\/www.arbeitsagentur.de\" target=\"_blank\">www.arbeitsagentur.de<\/a>. Dort finden Arbeitgeber und Steuerberater auch die Ausfu\u00cc\u02c6llhinweise fu\u00cc\u02c6r die Arbeitsbescheinigungen.<\/p>\n","protected":false},"excerpt":{"rendered":"<div class=\"tmnf_excerpt\"><p>Fulda. Arbeitgeber sind verpflichtet, Mitarbeitern bereits beim Ausscheiden eine Arbeitsbescheinigung auszuh\u00e4ndigen. Vollst\u00e4ndig und zeitnah ausgestellte Bescheinigungen helfen, Ru\u00cc\u02c6ckfragen beim Arbeitgeber und Zahlungsverz\u00f6gerungen bei dem betroffenen Arbeitslosen zu vermeiden. Schon bei der Abgabe des Antrags auf Arbeitslosengeld erfahren die Arbeitnehmer in der Regel sofort die H\u00f6he und die Bezugsdauer ihres Arbeitslosengeldes. Auch werde das Geld in &hellip;<\/p>\n<\/div>","protected":false},"author":1,"featured_media":0,"comment_status":"closed","ping_status":"closed","sticky":false,"template":"","format":"standard","meta":{"footnotes":""},"categories":[1,53],"tags":[],"class_list":["post-87914","post","type-post","status-publish","format-standard","hentry","category-startseite","category-bildung"],"_links":{"self":[{"href":"https:\/\/www.fuldaernachrichten.de\/index.php?rest_route=\/wp\/v2\/posts\/87914","targetHints":{"allow":["GET"]}}],"collection":[{"href":"https:\/\/www.fuldaernachrichten.de\/index.php?rest_route=\/wp\/v2\/posts"}],"about":[{"href":"https:\/\/www.fuldaernachrichten.de\/index.php?rest_route=\/wp\/v2\/types\/post"}],"author":[{"embeddable":true,"href":"https:\/\/www.fuldaernachrichten.de\/index.php?rest_route=\/wp\/v2\/users\/1"}],"replies":[{"embeddable":true,"href":"https:\/\/www.fuldaernachrichten.de\/index.php?rest_route=%2Fwp%2Fv2%2Fcomments&post=87914"}],"version-history":[{"count":0,"href":"https:\/\/www.fuldaernachrichten.de\/index.php?rest_route=\/wp\/v2\/posts\/87914\/revisions"}],"wp:attachment":[{"href":"https:\/\/www.fuldaernachrichten.de\/index.php?rest_route=%2Fwp%2Fv2%2Fmedia&parent=87914"}],"wp:term":[{"taxonomy":"category","embeddable":true,"href":"https:\/\/www.fuldaernachrichten.de\/index.php?rest_route=%2Fwp%2Fv2%2Fcategories&post=87914"},{"taxonomy":"post_tag","embeddable":true,"href":"https:\/\/www.fuldaernachrichten.de\/index.php?rest_route=%2Fwp%2Fv2%2Ftags&post=87914"}],"curies":[{"name":"wp","href":"https:\/\/api.w.org\/{rel}","templated":true}]}}