{"id":87913,"date":"2011-07-04T11:33:03","date_gmt":"2011-07-04T11:33:03","guid":{"rendered":"http:\/\/www.fuldaer-nachrichten.de\/?p=87913"},"modified":"2011-07-04T11:33:03","modified_gmt":"2011-07-04T11:33:03","slug":"blick-hinter-die-kulissen-besichtigung-des-franziskanerklosters-aus-dem-frauenberg","status":"publish","type":"post","link":"https:\/\/www.fuldaernachrichten.de\/?p=87913","title":{"rendered":"Blick hinter die Kulissen Besichtigung des Franziskanerklosters aus dem Frauenberg"},"content":{"rendered":"<p><strong>Fulda.<\/strong> Am Dienstag, den 12. Juli, bietet die Volkshochschule der Stadt Fulda im Rahmen der Reihe \u201eBlick hinter die Kulissen\u201c eine Besichtigung des Klosters auf dem Frauenberg an. Bei der Besichtigung haben Sie die M\u00f6glichkeit nicht nur die Kirche, sondern auch andere renovierte R\u00e4ume des Klosters zu besichtigen. Die F\u00fchrung beginnt um 15.00 Uhr am Eingang der Klosterkirche. Zur Planung ist eine vorherige Anmeldung in der Gesch\u00e4ftsstelle der Volkshochschule, Unterm Heilig Kreuz, oder unter Telefon 102-1477 erforderlich.<\/p>\n","protected":false},"excerpt":{"rendered":"<div class=\"tmnf_excerpt\"><p>Fulda. Am Dienstag, den 12. Juli, bietet die Volkshochschule der Stadt Fulda im Rahmen der Reihe \u201eBlick hinter die Kulissen\u201c eine Besichtigung des Klosters auf dem Frauenberg an. Bei der Besichtigung haben Sie die M\u00f6glichkeit nicht nur die Kirche, sondern auch andere renovierte R\u00e4ume des Klosters zu besichtigen. Die F\u00fchrung beginnt um 15.00 Uhr am &hellip;<\/p>\n<\/div>","protected":false},"author":1,"featured_media":0,"comment_status":"closed","ping_status":"closed","sticky":false,"template":"","format":"standard","meta":{"footnotes":""},"categories":[1,50],"tags":[],"class_list":["post-87913","post","type-post","status-publish","format-standard","hentry","category-startseite","category-kirche"],"_links":{"self":[{"href":"https:\/\/www.fuldaernachrichten.de\/index.php?rest_route=\/wp\/v2\/posts\/87913","targetHints":{"allow":["GET"]}}],"collection":[{"href":"https:\/\/www.fuldaernachrichten.de\/index.php?rest_route=\/wp\/v2\/posts"}],"about":[{"href":"https:\/\/www.fuldaernachrichten.de\/index.php?rest_route=\/wp\/v2\/types\/post"}],"author":[{"embeddable":true,"href":"https:\/\/www.fuldaernachrichten.de\/index.php?rest_route=\/wp\/v2\/users\/1"}],"replies":[{"embeddable":true,"href":"https:\/\/www.fuldaernachrichten.de\/index.php?rest_route=%2Fwp%2Fv2%2Fcomments&post=87913"}],"version-history":[{"count":0,"href":"https:\/\/www.fuldaernachrichten.de\/index.php?rest_route=\/wp\/v2\/posts\/87913\/revisions"}],"wp:attachment":[{"href":"https:\/\/www.fuldaernachrichten.de\/index.php?rest_route=%2Fwp%2Fv2%2Fmedia&parent=87913"}],"wp:term":[{"taxonomy":"category","embeddable":true,"href":"https:\/\/www.fuldaernachrichten.de\/index.php?rest_route=%2Fwp%2Fv2%2Fcategories&post=87913"},{"taxonomy":"post_tag","embeddable":true,"href":"https:\/\/www.fuldaernachrichten.de\/index.php?rest_route=%2Fwp%2Fv2%2Ftags&post=87913"}],"curies":[{"name":"wp","href":"https:\/\/api.w.org\/{rel}","templated":true}]}}