{"id":87911,"date":"2011-07-04T11:33:46","date_gmt":"2011-07-04T11:33:46","guid":{"rendered":"http:\/\/www.fuldaer-nachrichten.de\/?p=87911"},"modified":"2011-07-04T11:35:40","modified_gmt":"2011-07-04T11:35:40","slug":"empfang-der-verwaltungsfachangestellten-durch-ob-moller-vielseitige-und-abwechslungsreiche-arbeit","status":"publish","type":"post","link":"https:\/\/www.fuldaernachrichten.de\/?p=87911","title":{"rendered":"Empfang der Verwaltungsfachangestellten durch OB M\u00f6ller: \u201cVielseitige und abwechslungsreiche Arbeit\u00e2\u20ac\u009d"},"content":{"rendered":"<p><a href=\"http:\/\/www.fuldaer-nachrichten.de\/wp-content\/uploads\/2011\/07\/110704_Verwaltungsfachangestellten.jpg\"><img decoding=\"async\" class=\"alignleft size-thumbnail wp-image-87912\" title=\"110704_Verwaltungsfachangestellten\" src=\"http:\/\/www.fuldaer-nachrichten.de\/wp-content\/uploads\/2011\/07\/110704_Verwaltungsfachangestellten-265x175.jpg\" alt=\"\" width=\"265\" height=\"175\" srcset=\"https:\/\/www.fuldaernachrichten.de\/wp-content\/uploads\/2011\/07\/110704_Verwaltungsfachangestellten-265x175.jpg 265w, https:\/\/www.fuldaernachrichten.de\/wp-content\/uploads\/2011\/07\/110704_Verwaltungsfachangestellten.jpg 592w\" sizes=\"(max-width: 265px) 100vw, 265px\" \/><\/a><strong>Fulda. <\/strong>Die Stadt Fulda legt gro\u00dfen Wert auf eine gute, fundierte und umfassende Ausbildung in der Verwaltung. Im Rahmen ihrer Ausbildung zu Verwaltungsfachangestellten durchlaufen die Azubis daher viele verschiedene \u00c4mter, um einen breiten Einblick in die unterschiedlichsten Bereiche zu erhalten. Dabei eignen sie sich durch die dreij\u00e4hrige duale Ausbildung \u2013 neben der Arbeit nehmen sie am Unterricht in der Berufsschule und dem Verwaltungsseminar teil \u2013theoretisches wie auch praktisches Wissen an. Als nun Leonie Reinhard, Alexandra Ritz und Sebastian Wehner ihre Ausbildung f\u00fcr den Beruf des Verwaltungsfachangestellten erfolgreich beendet hatten, war die Freude gro\u00df. Im Beisein von Thomas M\u00f6lter, Amtsleiter des Haupt- und Personalamtes, der Ausbildungsleiterin Petra R\u00f6\u00dfler und Silvia Gelhard vom Personalrat gratulierte Oberb\u00fcrgermeister Gerhard M\u00f6ller zur bestandenen Abschlusspr\u00fcfung und \u00fcberreichte das Ausbildungszeugnis sowie ein Gl\u00fcckwunsch-schreiben zusammen mit einem kleinen Geschenk. <!--more--><\/p>\n<p><strong>Gl\u00fcckw\u00fcnsche und Dank<\/strong><\/p>\n<p>Der Fuldaer Verwaltungschef freute sich \u00fcber den \u201eerfolgreichen Abschluss\u201c und die \u201esch\u00f6nen Ergebnisse\u201c: \u201eIm Rahmen der Ausbildung hat jeder von Ihnen seine Begabungen eingebracht und durch den internen Wechsel viele Erfahrungen sammeln k\u00f6nnen, wobei jeder sicherlich seine Lieblings\u00e4mter hatte.\u201c Leonie Reinhard und Alexandra Ritz \u2013 der Vertreter der Jugend- und Auszubildenden Sebastian Wehner konnte leider am Empfang nicht teilnehmen \u2013 freuten sich \u00fcber das Lob und die Tatsache, dass alle drei \u00fcbernommen und in unterschiedlichen Bereichen der Stadtverwaltung eingesetzt werden. An der Ausbildung in der Verwaltung hat ihnen die \u201evielseitige und abwechslungsreiche Arbeit\u201c am besten gefallen. W\u00e4hrend Silvia Gelhard die Gl\u00fcckw\u00fcnsche des Personalrats \u00fcberbrachte, dankte Thomas M\u00f6lter der Ausbildungsleiterin Petra R\u00f6\u00dfler f\u00fcr die gute Betreuung und Begleitung der Azubis. \u201eMir hat die Arbeit mit ihnen viel Spa\u00df gemacht und ich w\u00fcnsche den dreien ein gutes Weiterkommen\u201c, entgegnete R\u00f6\u00dfler. (cp)<\/p>\n","protected":false},"excerpt":{"rendered":"<div class=\"tmnf_excerpt\"><p>Fulda. Die Stadt Fulda legt gro\u00dfen Wert auf eine gute, fundierte und umfassende Ausbildung in der Verwaltung. Im Rahmen ihrer Ausbildung zu Verwaltungsfachangestellten durchlaufen die Azubis daher viele verschiedene \u00c4mter, um einen breiten Einblick in die unterschiedlichsten Bereiche zu erhalten. Dabei eignen sie sich durch die dreij\u00e4hrige duale Ausbildung \u2013 neben der Arbeit nehmen sie &hellip;<\/p>\n<\/div>","protected":false},"author":1,"featured_media":0,"comment_status":"closed","ping_status":"closed","sticky":false,"template":"","format":"standard","meta":{"footnotes":""},"categories":[1,29],"tags":[],"class_list":["post-87911","post","type-post","status-publish","format-standard","hentry","category-startseite","category-politik"],"_links":{"self":[{"href":"https:\/\/www.fuldaernachrichten.de\/index.php?rest_route=\/wp\/v2\/posts\/87911","targetHints":{"allow":["GET"]}}],"collection":[{"href":"https:\/\/www.fuldaernachrichten.de\/index.php?rest_route=\/wp\/v2\/posts"}],"about":[{"href":"https:\/\/www.fuldaernachrichten.de\/index.php?rest_route=\/wp\/v2\/types\/post"}],"author":[{"embeddable":true,"href":"https:\/\/www.fuldaernachrichten.de\/index.php?rest_route=\/wp\/v2\/users\/1"}],"replies":[{"embeddable":true,"href":"https:\/\/www.fuldaernachrichten.de\/index.php?rest_route=%2Fwp%2Fv2%2Fcomments&post=87911"}],"version-history":[{"count":0,"href":"https:\/\/www.fuldaernachrichten.de\/index.php?rest_route=\/wp\/v2\/posts\/87911\/revisions"}],"wp:attachment":[{"href":"https:\/\/www.fuldaernachrichten.de\/index.php?rest_route=%2Fwp%2Fv2%2Fmedia&parent=87911"}],"wp:term":[{"taxonomy":"category","embeddable":true,"href":"https:\/\/www.fuldaernachrichten.de\/index.php?rest_route=%2Fwp%2Fv2%2Fcategories&post=87911"},{"taxonomy":"post_tag","embeddable":true,"href":"https:\/\/www.fuldaernachrichten.de\/index.php?rest_route=%2Fwp%2Fv2%2Ftags&post=87911"}],"curies":[{"name":"wp","href":"https:\/\/api.w.org\/{rel}","templated":true}]}}