{"id":87908,"date":"2011-07-04T11:31:05","date_gmt":"2011-07-04T11:31:05","guid":{"rendered":"http:\/\/www.fuldaer-nachrichten.de\/?p=87908"},"modified":"2011-07-04T11:31:51","modified_gmt":"2011-07-04T11:31:51","slug":"domschule-fulda-hat-teilzertifikat-gesundheitsfordernde-schule-bewegung-erworben","status":"publish","type":"post","link":"https:\/\/www.fuldaernachrichten.de\/?p=87908","title":{"rendered":"Domschule Fulda hat Teilzertifikat \u201eGesundheitsf\u00f6rdernde Schule \u2013 Bewegung\u201c erworben"},"content":{"rendered":"<p><strong><a href=\"http:\/\/www.fuldaer-nachrichten.de\/wp-content\/uploads\/2011\/07\/110704_Teilzertifikat.jpg\"><img fetchpriority=\"high\" decoding=\"async\" class=\"alignleft size-thumbnail wp-image-87909\" title=\"110704_Teilzertifikat\" src=\"http:\/\/www.fuldaer-nachrichten.de\/wp-content\/uploads\/2011\/07\/110704_Teilzertifikat-265x198.jpg\" alt=\"\" width=\"265\" height=\"198\" srcset=\"https:\/\/www.fuldaernachrichten.de\/wp-content\/uploads\/2011\/07\/110704_Teilzertifikat-265x198.jpg 265w, https:\/\/www.fuldaernachrichten.de\/wp-content\/uploads\/2011\/07\/110704_Teilzertifikat.jpg 592w\" sizes=\"(max-width: 265px) 100vw, 265px\" \/><\/a>Fulda. <\/strong>Kurz vor Beginn der Sommerferien hat die Schulgemeinde der Domschule Fulda einen spannenden, aktivierenden und gesundheitsf\u00f6rdernden Sporttag veranstaltet, dessen H\u00f6hepunkt die \u00dcberreichung des Zertifikats &#8220;Gesundheitsf\u00f6rdernde Schule &#8211; Teilzertifikat Bewegung&#8221; durch BM Dr. Dippel, SAD Dr. Michael Imhof und Birgit Sladizek war. Damit hat die Domschule Fulda dokumentiert, welche gesundheitsf\u00f6rdernde Angebote und Projekte im Schulalltag angeboten und durchgef\u00fchrt werden. Dazu geh\u00f6ren neben den sportlichen Angeboten im Wahlpflichtunterricht, dem Nachmittagsangebot und den Pausenzeiten unter anderem auch die regelm\u00e4\u00dfige Durchf\u00fchrung von Sporttagen, Schwimmtagen, Kanu-Projekten, Wintersport-Aktionstagen\u00c2\u00a0 und Veranstaltungen zur Sch\u00fcler- und Lehrergesundheit (R\u00fcckenschule, Stimmtraining, Faustlos, SMOG etc.)<!--more--><\/p>\n<p>An dem Aktionstag vor den Sommerferien hatten die Sch\u00fclerinnen und Sch\u00fcler der Primar- und Sekundarstufe \u00c2\u00a0bereits ab 8:30 Uhr Gelegenheit, die Stationen des &#8220;Body+Grips-Mobil&#8221; des DRK-Landeverband Rheinland-Pfalz kennen zu lernen. Dazu geh\u00f6rten unter anderem Stationen wie &#8220;Das laufende A&#8221;, &#8220;Bewegungsquiz&#8221;, &#8220;Beziehungsgalerie&#8221; und viele mehr. Au\u00dferdem boten die Lehrerinnen und Lehrer der Domschule sowie die Abgangsklassen 9a, 9b, 10a und 10b zahlreiche Spiel- und Sportaktivit\u00e4ten an. Dazu geh\u00f6rten z.B. Speedminton, Boule, Basketball, Tischtennis, Boulder-Wand, Slack-Line und vieles mehr.<\/p>\n<p>Im Anschluss an die zahlreichen Aktionen fanden mehrere Lehrer-Sch\u00fcler-Volleyballmatches statt, die durch die jungen Fans der Grundschulklassen lautstark angeheizt wurden. Trotz jugendlichen Kampfgeistes, akrobatischem K\u00f6rpereinsatz und kraftvoller Eleganz der Sch\u00fclermannschaften, konnten sich letztendlich die jahrelange Spielerfahrung und die professionelle Gelassenheit der Lehrermannschaft durchsetzen und das Turnier mit 4 : 1 Spielen f\u00fcr sich entscheiden.<\/p>\n<p>.<\/p>\n","protected":false},"excerpt":{"rendered":"<div class=\"tmnf_excerpt\"><p>Fulda. Kurz vor Beginn der Sommerferien hat die Schulgemeinde der Domschule Fulda einen spannenden, aktivierenden und gesundheitsf\u00f6rdernden Sporttag veranstaltet, dessen H\u00f6hepunkt die \u00dcberreichung des Zertifikats &#8220;Gesundheitsf\u00f6rdernde Schule &#8211; Teilzertifikat Bewegung&#8221; durch BM Dr. Dippel, SAD Dr. Michael Imhof und Birgit Sladizek war. Damit hat die Domschule Fulda dokumentiert, welche gesundheitsf\u00f6rdernde Angebote und Projekte im Schulalltag &hellip;<\/p>\n<\/div>","protected":false},"author":1,"featured_media":0,"comment_status":"closed","ping_status":"closed","sticky":false,"template":"","format":"standard","meta":{"footnotes":""},"categories":[1],"tags":[],"class_list":["post-87908","post","type-post","status-publish","format-standard","hentry","category-startseite"],"_links":{"self":[{"href":"https:\/\/www.fuldaernachrichten.de\/index.php?rest_route=\/wp\/v2\/posts\/87908","targetHints":{"allow":["GET"]}}],"collection":[{"href":"https:\/\/www.fuldaernachrichten.de\/index.php?rest_route=\/wp\/v2\/posts"}],"about":[{"href":"https:\/\/www.fuldaernachrichten.de\/index.php?rest_route=\/wp\/v2\/types\/post"}],"author":[{"embeddable":true,"href":"https:\/\/www.fuldaernachrichten.de\/index.php?rest_route=\/wp\/v2\/users\/1"}],"replies":[{"embeddable":true,"href":"https:\/\/www.fuldaernachrichten.de\/index.php?rest_route=%2Fwp%2Fv2%2Fcomments&post=87908"}],"version-history":[{"count":0,"href":"https:\/\/www.fuldaernachrichten.de\/index.php?rest_route=\/wp\/v2\/posts\/87908\/revisions"}],"wp:attachment":[{"href":"https:\/\/www.fuldaernachrichten.de\/index.php?rest_route=%2Fwp%2Fv2%2Fmedia&parent=87908"}],"wp:term":[{"taxonomy":"category","embeddable":true,"href":"https:\/\/www.fuldaernachrichten.de\/index.php?rest_route=%2Fwp%2Fv2%2Fcategories&post=87908"},{"taxonomy":"post_tag","embeddable":true,"href":"https:\/\/www.fuldaernachrichten.de\/index.php?rest_route=%2Fwp%2Fv2%2Ftags&post=87908"}],"curies":[{"name":"wp","href":"https:\/\/api.w.org\/{rel}","templated":true}]}}