{"id":87899,"date":"2011-07-07T00:08:23","date_gmt":"2011-07-07T00:08:23","guid":{"rendered":"http:\/\/www.fuldaer-nachrichten.de\/?p=87899"},"modified":"2011-07-07T07:32:17","modified_gmt":"2011-07-07T07:32:17","slug":"europa-union-und-landrat-marx-zeichnen-vogelsberger-schuler-aus","status":"publish","type":"post","link":"https:\/\/www.fuldaernachrichten.de\/?p=87899","title":{"rendered":"Europa-Union und Landrat Marx zeichnen Vogelsberger Sch\u00fcler aus"},"content":{"rendered":"<p><strong><a href=\"http:\/\/www.fuldaer-nachrichten.de\/wp-content\/uploads\/2011\/07\/110704_Wettbewerb.jpg\"><img decoding=\"async\" class=\"alignleft size-thumbnail wp-image-87900\" title=\"110704_Wettbewerb\" src=\"http:\/\/www.fuldaer-nachrichten.de\/wp-content\/uploads\/2011\/07\/110704_Wettbewerb-265x176.jpg\" alt=\"\" width=\"265\" height=\"176\" srcset=\"https:\/\/www.fuldaernachrichten.de\/wp-content\/uploads\/2011\/07\/110704_Wettbewerb-265x176.jpg 265w, https:\/\/www.fuldaernachrichten.de\/wp-content\/uploads\/2011\/07\/110704_Wettbewerb.jpg 592w\" sizes=\"(max-width: 265px) 100vw, 265px\" \/><\/a>Vogelsbergkreis. <\/strong>Vogelsberger Sch\u00fcler sind in diesem Jahr im Europ\u00e4ischen Schulwettbewerb so erfolgreich wie nie zuvor. 30 Sch\u00fcler wurden von der \u00fcberparteilichen Europa-Union und Landrat Rudolf Marx ausgezeichnet. \u201eDie teilnehmenden Sch\u00fcler haben f\u00fcr einen Rekord im Vogelsbergkreis gesorgt. Das zeigt, dass der Wettbewerb bei Euch in guten H\u00e4nden ist und dass Vogelsberger Sch\u00fcler in Hessen oben mitspielen\u201c, rief Europa-Union-Kreisvorsitzender Dr. Volker Nies den Sch\u00fclern bei der Siegerehrung zu, die er gemeinsam mit seiner Stellvertreterin Eva Goldbach durchf\u00fchrte.<!--more--><\/p>\n<p>6700 Sch\u00fcler nahmen in Hessen teil. Hessenweit gab es 69 Bundessieger, 403 Landessieger und 327 Anerkennungen. Die Vogelsberger Sch\u00fcler holten 11 Anerkennungspreise und, 18 Landespreise und einen Bundespreis. Das gute Abschneiden sei auch den engagierten Lehrkr\u00e4ften zu verdanken, n\u00e4mlich Andrea Grube und Lisa M\u00f6ll von der Schule an der Wascherde und Brigitte Noa von der Eichberg-Grundschule, denen Nies und Marx besonders dankten. Die Sch\u00fclerarbeiten, die in diesem Jahr zum Thema \u201eEurop\u00e4isches Jahr der Freiwilligent\u00e4tigkeit\u201c entstanden, zeichneten sich durch Optimismus durch. Das unterscheide sie vom Grundton der \u00f6ffentlichen Diskussion \u00fcber Europa, jetzt auch \u00fcber die Finanzhilfen.<\/p>\n<p>Richtig sei, dass Griechenland bei der Aufnahme in die Euro-Zone geschummelt habe; richtig sei aber auch, dass die anderen Mitgliedsstaaten gar nicht genau h\u00e4tten hinsehen wollen \u2013 auch deshalb, weil es Regierungen und Parlamente mit der eigenen Verschuldung nicht so genau n\u00e4hmen, kritisierte der Kreisvorsitzende. Jetzt aber habe Griechenland die europ\u00e4ische Solidarit\u00e4t verdient. \u201eWir m\u00fcssen helfen, dass Griechenland zu einer soliden Finanzlage zur\u00fcckfindet. Das ist f\u00fcr die europ\u00e4ischen Steuerzahler nicht ohne Risiko, aber die Griechen haben gezeigt, dass sie umsteuern wollen. Wir m\u00fcssen uns jetzt alle anstrengen. Die reichen L\u00e4nder m\u00fcssen Griechenland helfen, aber die Griechen m\u00fcssen ihrem Land auch helfen, sparen und verzichten. Gemeinsam k\u00f6nnen wir es schaffen\u201c, sagte Nies.<\/p>\n<p>Landrat Rudolf Marx sagte, die wirtschaftliche Vernetzung Europas und die Debatte um die griechischen Schulden seien wichtig. Doch im Kern sei die europ\u00e4ische Integration ein Friedensprojekt. \u201eDas Zusammenwirken der europ\u00e4ischen Staaten hat uns eine einzigartig lange Friedenszeit auf unserem Kontinent beschert. Daf\u00fcr d\u00fcrfen wir dankbar sein\u201c, sagte Marx. Ausgezeichnet wurden 30 Sch\u00fcler. Den einzigen Bundespreis, den in diesem Jahr ein Vogelsberger errang, ging an Benjamin Hartmann (Eichberg-Grundschule).<\/p>\n<p>Mit einem Landespreis ausgezeichnet wurden Stina Frimmel, Valentin Bing, Nicole Hoinca, Kaja Sch\u00e4fer, H\u00fclja G\u00fcvener, Joshua Kreuder, Christina Klose, Lina J\u00e4ger, Tim Selenka, Michelle-Kathrin Strobach\u00c2\u00a0 (alle Schule an der Wascherde), Calvin Michl, Marius Scheffel, Luke Eidmann, Jenny Viterspan, Cornelia Schaichutdinowa, Julia Mitze, Jacqueline Buder, Tim Vieh\u00f6fer (alle Eichberg-Grundschule). Anerkennungspreise gingen an Alexander Mohr, Julia Janzen, Jessica Jost, Hakan Y\u00fcksel, Ida Frimmel, Hannes Knuth, Lena Tenberg, Michael Schulz, Saskia Kreit, Melissa Listmann (alle Schule an der Wascherde) und Katrin Stipurin (Eichberg-Grundschule).<\/p>\n","protected":false},"excerpt":{"rendered":"<div class=\"tmnf_excerpt\"><p>Vogelsbergkreis. Vogelsberger Sch\u00fcler sind in diesem Jahr im Europ\u00e4ischen Schulwettbewerb so erfolgreich wie nie zuvor. 30 Sch\u00fcler wurden von der \u00fcberparteilichen Europa-Union und Landrat Rudolf Marx ausgezeichnet. \u201eDie teilnehmenden Sch\u00fcler haben f\u00fcr einen Rekord im Vogelsbergkreis gesorgt. Das zeigt, dass der Wettbewerb bei Euch in guten H\u00e4nden ist und dass Vogelsberger Sch\u00fcler in Hessen oben &hellip;<\/p>\n<\/div>","protected":false},"author":1,"featured_media":0,"comment_status":"closed","ping_status":"closed","sticky":false,"template":"","format":"standard","meta":{"footnotes":""},"categories":[1],"tags":[],"class_list":["post-87899","post","type-post","status-publish","format-standard","hentry","category-startseite"],"_links":{"self":[{"href":"https:\/\/www.fuldaernachrichten.de\/index.php?rest_route=\/wp\/v2\/posts\/87899","targetHints":{"allow":["GET"]}}],"collection":[{"href":"https:\/\/www.fuldaernachrichten.de\/index.php?rest_route=\/wp\/v2\/posts"}],"about":[{"href":"https:\/\/www.fuldaernachrichten.de\/index.php?rest_route=\/wp\/v2\/types\/post"}],"author":[{"embeddable":true,"href":"https:\/\/www.fuldaernachrichten.de\/index.php?rest_route=\/wp\/v2\/users\/1"}],"replies":[{"embeddable":true,"href":"https:\/\/www.fuldaernachrichten.de\/index.php?rest_route=%2Fwp%2Fv2%2Fcomments&post=87899"}],"version-history":[{"count":0,"href":"https:\/\/www.fuldaernachrichten.de\/index.php?rest_route=\/wp\/v2\/posts\/87899\/revisions"}],"wp:attachment":[{"href":"https:\/\/www.fuldaernachrichten.de\/index.php?rest_route=%2Fwp%2Fv2%2Fmedia&parent=87899"}],"wp:term":[{"taxonomy":"category","embeddable":true,"href":"https:\/\/www.fuldaernachrichten.de\/index.php?rest_route=%2Fwp%2Fv2%2Fcategories&post=87899"},{"taxonomy":"post_tag","embeddable":true,"href":"https:\/\/www.fuldaernachrichten.de\/index.php?rest_route=%2Fwp%2Fv2%2Ftags&post=87899"}],"curies":[{"name":"wp","href":"https:\/\/api.w.org\/{rel}","templated":true}]}}