{"id":87888,"date":"2011-07-04T10:36:42","date_gmt":"2011-07-04T10:36:42","guid":{"rendered":"http:\/\/www.fuldaer-nachrichten.de\/?p=87888"},"modified":"2011-07-04T11:37:00","modified_gmt":"2011-07-04T11:37:00","slug":"kindergartenplatze-schaffen-zukunft-erster-spatenstich-fur-erweiterung-des-gemeindlichen-kindergartens-in-thalau","status":"publish","type":"post","link":"https:\/\/www.fuldaernachrichten.de\/?p=87888","title":{"rendered":"\u201eKindergartenpl\u00e4tze schaffen Zukunft\u201c Erster Spatenstich f\u00fcr Erweiterung des gemeindlichen Kindergartens in Thalau"},"content":{"rendered":"<p><a href=\"http:\/\/www.fuldaer-nachrichten.de\/wp-content\/uploads\/2011\/07\/110704_Spatenstich.jpg\"><img fetchpriority=\"high\" decoding=\"async\" class=\"alignnone size-full wp-image-87890\" title=\"110704_Spatenstich\" src=\"http:\/\/www.fuldaer-nachrichten.de\/wp-content\/uploads\/2011\/07\/110704_Spatenstich.jpg\" alt=\"\" width=\"592\" height=\"394\" srcset=\"https:\/\/www.fuldaernachrichten.de\/wp-content\/uploads\/2011\/07\/110704_Spatenstich.jpg 592w, https:\/\/www.fuldaernachrichten.de\/wp-content\/uploads\/2011\/07\/110704_Spatenstich-265x176.jpg 265w\" sizes=\"(max-width: 592px) 100vw, 592px\" \/><\/a><\/p>\n<p><strong>Ebersburg-Thalau.<\/strong> Investitionen in die Kinderbetreuung seien ein gutes Beispiel daf\u00fcr, wie der l\u00e4ndliche Raum gerade f\u00fcr junge Familien attraktiver werde. Diese Auffassung vertrat Landrat Bernd Woide anl\u00e4sslich des ersten Spatenanstichs f\u00fcr die Erweiterung des gemeindlichen Kindergartens im Ebersburger Ortsteil Thalau. B\u00fcrgermeisterin Brigitte Erb freute sich, dass mit Unterst\u00fctzung des Landkreises Fulda eine F\u00f6rderung von 22.000 Euro aus Mitteln der Regionalentwickelung erreicht werden konnte. Man wolle sich bem\u00fchen, mit den Bauarbeiten weitgehend fertig zu sein, wenn der Kindergarten in drei Wochen wieder \u00f6ffne. was\/gi<\/p>\n","protected":false},"excerpt":{"rendered":"<div class=\"tmnf_excerpt\"><p>Ebersburg-Thalau. Investitionen in die Kinderbetreuung seien ein gutes Beispiel daf\u00fcr, wie der l\u00e4ndliche Raum gerade f\u00fcr junge Familien attraktiver werde. Diese Auffassung vertrat Landrat Bernd Woide anl\u00e4sslich des ersten Spatenanstichs f\u00fcr die Erweiterung des gemeindlichen Kindergartens im Ebersburger Ortsteil Thalau. B\u00fcrgermeisterin Brigitte Erb freute sich, dass mit Unterst\u00fctzung des Landkreises Fulda eine F\u00f6rderung von 22.000 &hellip;<\/p>\n<\/div>","protected":false},"author":1,"featured_media":0,"comment_status":"closed","ping_status":"closed","sticky":false,"template":"","format":"standard","meta":{"footnotes":""},"categories":[1,78],"tags":[],"class_list":["post-87888","post","type-post","status-publish","format-standard","hentry","category-startseite","category-topthema"],"_links":{"self":[{"href":"https:\/\/www.fuldaernachrichten.de\/index.php?rest_route=\/wp\/v2\/posts\/87888","targetHints":{"allow":["GET"]}}],"collection":[{"href":"https:\/\/www.fuldaernachrichten.de\/index.php?rest_route=\/wp\/v2\/posts"}],"about":[{"href":"https:\/\/www.fuldaernachrichten.de\/index.php?rest_route=\/wp\/v2\/types\/post"}],"author":[{"embeddable":true,"href":"https:\/\/www.fuldaernachrichten.de\/index.php?rest_route=\/wp\/v2\/users\/1"}],"replies":[{"embeddable":true,"href":"https:\/\/www.fuldaernachrichten.de\/index.php?rest_route=%2Fwp%2Fv2%2Fcomments&post=87888"}],"version-history":[{"count":0,"href":"https:\/\/www.fuldaernachrichten.de\/index.php?rest_route=\/wp\/v2\/posts\/87888\/revisions"}],"wp:attachment":[{"href":"https:\/\/www.fuldaernachrichten.de\/index.php?rest_route=%2Fwp%2Fv2%2Fmedia&parent=87888"}],"wp:term":[{"taxonomy":"category","embeddable":true,"href":"https:\/\/www.fuldaernachrichten.de\/index.php?rest_route=%2Fwp%2Fv2%2Fcategories&post=87888"},{"taxonomy":"post_tag","embeddable":true,"href":"https:\/\/www.fuldaernachrichten.de\/index.php?rest_route=%2Fwp%2Fv2%2Ftags&post=87888"}],"curies":[{"name":"wp","href":"https:\/\/api.w.org\/{rel}","templated":true}]}}