{"id":87883,"date":"2011-07-02T00:15:23","date_gmt":"2011-07-02T00:15:23","guid":{"rendered":"http:\/\/www.fuldaer-nachrichten.de\/?p=87883"},"modified":"2011-07-02T04:50:44","modified_gmt":"2011-07-02T04:50:44","slug":"prof-dr-christoph-klotter-neuer-vizeprasident-fur-lehre-und-studium","status":"publish","type":"post","link":"https:\/\/www.fuldaernachrichten.de\/?p=87883","title":{"rendered":"Prof. Dr. Christoph Klotter neuer Vizepr\u00e4sident f\u00fcr Lehre und Studium"},"content":{"rendered":"<p><img decoding=\"async\" class=\"alignleft size-medium wp-image-87884\" title=\"110701_Hochschule\" src=\"http:\/\/www.fuldaer-nachrichten.de\/wp-content\/uploads\/2011\/07\/110701_Hochschule-265x175.jpg\" alt=\"\" hspace=\"5\" width=\"265\" height=\"175\" align=\"left\" srcset=\"https:\/\/www.fuldaernachrichten.de\/wp-content\/uploads\/2011\/07\/110701_Hochschule-265x175.jpg 265w, https:\/\/www.fuldaernachrichten.de\/wp-content\/uploads\/2011\/07\/110701_Hochschule.jpg 600w\" sizes=\"(max-width: 265px) 100vw, 265px\" \/><strong>Fulda<\/strong>. Prof. Dr. Christoph Klotter, derzeit Dekan des Fachbereichs Oecotrophologie, wurde am Mittwoch vom Senat der Hochschule Fulda mit gro\u00dfer Mehrheit im ersten Wahlgang zum Vizepr\u00e4sidenten gew\u00e4hlt. Er wird f\u00fcr die Bereiche Lehre und Studium zust\u00e4ndig sein. Klotter (Jahrgang 1956) studierte Psychologie, Philosophie und Mathematik und promovierte 1989. Zehn Jahre sp\u00e4ter folgten die Approbation als Psychologischer Psychotherapeut und seine Habilitation. Seit 2001 ist Christoph Klotter Professor an der Hochschule Fulda. Am Fachbereich Oecotrophologie lehrt er Ern\u00e4hrungspsychologie und Gesundheitsf\u00f6rderung.<!--more--><\/p>\n<p>Die Wahl war n\u00f6tig geworden, weil der bisherige Vizepr\u00e4sident f\u00fcr Lehre und Studium, Prof. Dr. Christian Schrader aus famili\u00e4ren Gr\u00fcnden sein Amt vorzeitig zur Verf\u00fcgung gestellt hatte. Pr\u00e4sident Prof. Dr. Karim Khakzar dankte Professor Schrader f\u00fcr seine engagierte Arbeit und begl\u00fcckw\u00fcnschte den neuen Vizepr\u00e4sidenten zu seiner Wahl. Am 1. September dieses Jahres wird er sein Amt antreten.<\/p>\n","protected":false},"excerpt":{"rendered":"<div class=\"tmnf_excerpt\"><p>Fulda. Prof. Dr. Christoph Klotter, derzeit Dekan des Fachbereichs Oecotrophologie, wurde am Mittwoch vom Senat der Hochschule Fulda mit gro\u00dfer Mehrheit im ersten Wahlgang zum Vizepr\u00e4sidenten gew\u00e4hlt. Er wird f\u00fcr die Bereiche Lehre und Studium zust\u00e4ndig sein. Klotter (Jahrgang 1956) studierte Psychologie, Philosophie und Mathematik und promovierte 1989. Zehn Jahre sp\u00e4ter folgten die Approbation als &hellip;<\/p>\n<\/div>","protected":false},"author":1,"featured_media":0,"comment_status":"closed","ping_status":"closed","sticky":false,"template":"","format":"standard","meta":{"footnotes":""},"categories":[1,48],"tags":[],"class_list":["post-87883","post","type-post","status-publish","format-standard","hentry","category-startseite","category-forschung"],"_links":{"self":[{"href":"https:\/\/www.fuldaernachrichten.de\/index.php?rest_route=\/wp\/v2\/posts\/87883","targetHints":{"allow":["GET"]}}],"collection":[{"href":"https:\/\/www.fuldaernachrichten.de\/index.php?rest_route=\/wp\/v2\/posts"}],"about":[{"href":"https:\/\/www.fuldaernachrichten.de\/index.php?rest_route=\/wp\/v2\/types\/post"}],"author":[{"embeddable":true,"href":"https:\/\/www.fuldaernachrichten.de\/index.php?rest_route=\/wp\/v2\/users\/1"}],"replies":[{"embeddable":true,"href":"https:\/\/www.fuldaernachrichten.de\/index.php?rest_route=%2Fwp%2Fv2%2Fcomments&post=87883"}],"version-history":[{"count":0,"href":"https:\/\/www.fuldaernachrichten.de\/index.php?rest_route=\/wp\/v2\/posts\/87883\/revisions"}],"wp:attachment":[{"href":"https:\/\/www.fuldaernachrichten.de\/index.php?rest_route=%2Fwp%2Fv2%2Fmedia&parent=87883"}],"wp:term":[{"taxonomy":"category","embeddable":true,"href":"https:\/\/www.fuldaernachrichten.de\/index.php?rest_route=%2Fwp%2Fv2%2Fcategories&post=87883"},{"taxonomy":"post_tag","embeddable":true,"href":"https:\/\/www.fuldaernachrichten.de\/index.php?rest_route=%2Fwp%2Fv2%2Ftags&post=87883"}],"curies":[{"name":"wp","href":"https:\/\/api.w.org\/{rel}","templated":true}]}}