{"id":87874,"date":"2011-07-02T00:13:50","date_gmt":"2011-07-02T00:13:50","guid":{"rendered":"http:\/\/www.fuldaer-nachrichten.de\/?p=87874"},"modified":"2011-07-02T04:53:27","modified_gmt":"2011-07-02T04:53:27","slug":"46-friedenswallfahrt-zum-maria-ehrenberg","status":"publish","type":"post","link":"https:\/\/www.fuldaernachrichten.de\/?p=87874","title":{"rendered":"46. Friedenswallfahrt zum Maria Ehrenberg"},"content":{"rendered":"<p><strong><a href=\"http:\/\/www.fuldaer-nachrichten.de\/wp-content\/uploads\/2011\/07\/110701_Wallfahrt2.jpg\"><img fetchpriority=\"high\" decoding=\"async\" class=\"alignleft size-thumbnail wp-image-87876\" title=\"110701_Wallfahrt2\" src=\"http:\/\/www.fuldaer-nachrichten.de\/wp-content\/uploads\/2011\/07\/110701_Wallfahrt2-265x198.jpg\" alt=\"\" width=\"265\" height=\"198\" srcset=\"https:\/\/www.fuldaernachrichten.de\/wp-content\/uploads\/2011\/07\/110701_Wallfahrt2-265x198.jpg 265w, https:\/\/www.fuldaernachrichten.de\/wp-content\/uploads\/2011\/07\/110701_Wallfahrt2.jpg 600w\" sizes=\"(max-width: 265px) 100vw, 265px\" \/><\/a>Kothen.<\/strong> Weit \u00fcber 200 Pilger folgten in diesem Jahr dem Aufruf der Katholischen Arbeitnehmer-Bewegung (KAB) Rh\u00f6n\/Vogelsberg bei der 46. Friedenswallfahrt zum Maria Ehrenberg f\u00fcr den Frieden zu beten. Der Friede in der Welt war auch zentrales Thema der Predigt von Pater Dr. Sigfrid Kl\u00f6ckner, OFM, der nach der Wallfahrt den Gottesdienst mit den Pilgern feierte.<\/p>\n<p>\u201eWir sind weit weg vom Frieden\u201c bemerkte Pater Sigfrid Kl\u00f6ckner eingangs seiner Predigt und f\u00fcgte die Frage an jeden einzelnen an, ob er im Friede lebe. Es sei f\u00fcr Christen keine besondere Leistung, seine Freunde zu lieben, vielmehr werde der Auftrag Gottes, den N\u00e4chsten zu lieben, erst dann erf\u00fcllt, wenn man auch Liebe gegen\u00fcber denjenigen zeige, die nicht Freunde sind. Gerade die Globalisierung zeige wie spannungsgeladen die menschliche Gesellschaft weltweit ist. Die Unterschiedlichkeit der Rassen und Religionen mache es nicht unbedingt einfach \u201eLiebe zu leben\u201c. Es sei vordringliche Friedensarbeit, Fremde zu lieben, so der engagierte Pater. Dazu geh\u00f6re es jedoch von der eigenen Kultur und Religion \u00fcberzeugt zu sein und dies auch offensiv zu vertreten. \u201eNur wer seine eigene Kultur lebt und akzeptiert, kann auch die Kultur der anderen akzeptieren\u201c so Kl\u00f6ckner.<\/p>\n<p>Der KAB Bezirksvorsitzende Egon Sch\u00fctz, der in seiner Begr\u00fc\u00dfung auf die Historie der Wallfahrt und die Ereignisse des 17. Juni 1953 im Osten Deutschlands eingegangen war, bedankte sich bei dem Zelebranten, den Messdienern\/ innen, den K\u00fcstern der Pfarrgemeinde Kothen, den Bannertr\u00e4gern und insbesondere bei Anni Honikel, die die Texte und Lieder zur Wallfahrt vorbereitet hatte. Pater Kl\u00f6ckner \u00fcberreichte er au\u00dferdem ein \u201eKaffeepr\u00e4sent\u201c aus Guatemala.<\/p>\n","protected":false},"excerpt":{"rendered":"<div class=\"tmnf_excerpt\"><p>Kothen. Weit \u00fcber 200 Pilger folgten in diesem Jahr dem Aufruf der Katholischen Arbeitnehmer-Bewegung (KAB) Rh\u00f6n\/Vogelsberg bei der 46. Friedenswallfahrt zum Maria Ehrenberg f\u00fcr den Frieden zu beten. Der Friede in der Welt war auch zentrales Thema der Predigt von Pater Dr. Sigfrid Kl\u00f6ckner, OFM, der nach der Wallfahrt den Gottesdienst mit den Pilgern feierte. &hellip;<\/p>\n<\/div>","protected":false},"author":1,"featured_media":0,"comment_status":"closed","ping_status":"closed","sticky":false,"template":"","format":"standard","meta":{"footnotes":""},"categories":[1,50],"tags":[],"class_list":["post-87874","post","type-post","status-publish","format-standard","hentry","category-startseite","category-kirche"],"_links":{"self":[{"href":"https:\/\/www.fuldaernachrichten.de\/index.php?rest_route=\/wp\/v2\/posts\/87874","targetHints":{"allow":["GET"]}}],"collection":[{"href":"https:\/\/www.fuldaernachrichten.de\/index.php?rest_route=\/wp\/v2\/posts"}],"about":[{"href":"https:\/\/www.fuldaernachrichten.de\/index.php?rest_route=\/wp\/v2\/types\/post"}],"author":[{"embeddable":true,"href":"https:\/\/www.fuldaernachrichten.de\/index.php?rest_route=\/wp\/v2\/users\/1"}],"replies":[{"embeddable":true,"href":"https:\/\/www.fuldaernachrichten.de\/index.php?rest_route=%2Fwp%2Fv2%2Fcomments&post=87874"}],"version-history":[{"count":0,"href":"https:\/\/www.fuldaernachrichten.de\/index.php?rest_route=\/wp\/v2\/posts\/87874\/revisions"}],"wp:attachment":[{"href":"https:\/\/www.fuldaernachrichten.de\/index.php?rest_route=%2Fwp%2Fv2%2Fmedia&parent=87874"}],"wp:term":[{"taxonomy":"category","embeddable":true,"href":"https:\/\/www.fuldaernachrichten.de\/index.php?rest_route=%2Fwp%2Fv2%2Fcategories&post=87874"},{"taxonomy":"post_tag","embeddable":true,"href":"https:\/\/www.fuldaernachrichten.de\/index.php?rest_route=%2Fwp%2Fv2%2Ftags&post=87874"}],"curies":[{"name":"wp","href":"https:\/\/api.w.org\/{rel}","templated":true}]}}