{"id":87873,"date":"2011-07-03T00:09:37","date_gmt":"2011-07-03T00:09:37","guid":{"rendered":"http:\/\/www.fuldaer-nachrichten.de\/?p=87873"},"modified":"2011-07-03T06:02:57","modified_gmt":"2011-07-03T06:02:57","slug":"sperrung-der-heidelsteinstrase","status":"publish","type":"post","link":"https:\/\/www.fuldaernachrichten.de\/?p=87873","title":{"rendered":"Sperrung der Heidelsteinstra\u00dfe"},"content":{"rendered":"<p><strong>Fulda<\/strong> (cp). Von Freitag, 01. Juli 2011 bis voraussichtlich Mitte September 2011 wird aufgrund von einer Stra\u00dfenbauma\u00dfnahme die Heidelsteinstra\u00dfe zwischen der Kreuzbergstra\u00dfe und der Zufahrt zur Fa. Leinweber-Baucentrum in Fahrtrichtung K\u00fcnzeller Stra\u00dfe als Einbahnstra\u00dfe ausgeschildert.<!--more--><\/p>\n<p>Aus Richtung K\u00fcnzeller Stra\u00dfe kommend kann dann nur noch bis zum Parkplatz des Zentralfriedhofes bzw. der Fa. Leinweber-Baucentrum eingefahren werden. Die OIL-Tankstelle in der Heidelsteinstra\u00dfe kann dann auch wieder vom Kreisel Kreuzbergstra\u00dfe aus ohne Probleme angefahren werden. Eine entsprechende Umleitungsstrecke ist \u00fcber die K\u00fcnzeller Stra\u00dfe und Kreuzbergstra\u00dfe ausgeschildert. Die Vollsperrung der Habelbergstra\u00dfe wird am Freitag, 01. Juli 2011 aufgehoben.<\/p>\n","protected":false},"excerpt":{"rendered":"<div class=\"tmnf_excerpt\"><p>Fulda (cp). Von Freitag, 01. Juli 2011 bis voraussichtlich Mitte September 2011 wird aufgrund von einer Stra\u00dfenbauma\u00dfnahme die Heidelsteinstra\u00dfe zwischen der Kreuzbergstra\u00dfe und der Zufahrt zur Fa. Leinweber-Baucentrum in Fahrtrichtung K\u00fcnzeller Stra\u00dfe als Einbahnstra\u00dfe ausgeschildert.<\/p>\n<\/div>","protected":false},"author":1,"featured_media":0,"comment_status":"closed","ping_status":"closed","sticky":false,"template":"","format":"standard","meta":{"footnotes":""},"categories":[1,35],"tags":[],"class_list":["post-87873","post","type-post","status-publish","format-standard","hentry","category-startseite","category-auto"],"_links":{"self":[{"href":"https:\/\/www.fuldaernachrichten.de\/index.php?rest_route=\/wp\/v2\/posts\/87873","targetHints":{"allow":["GET"]}}],"collection":[{"href":"https:\/\/www.fuldaernachrichten.de\/index.php?rest_route=\/wp\/v2\/posts"}],"about":[{"href":"https:\/\/www.fuldaernachrichten.de\/index.php?rest_route=\/wp\/v2\/types\/post"}],"author":[{"embeddable":true,"href":"https:\/\/www.fuldaernachrichten.de\/index.php?rest_route=\/wp\/v2\/users\/1"}],"replies":[{"embeddable":true,"href":"https:\/\/www.fuldaernachrichten.de\/index.php?rest_route=%2Fwp%2Fv2%2Fcomments&post=87873"}],"version-history":[{"count":0,"href":"https:\/\/www.fuldaernachrichten.de\/index.php?rest_route=\/wp\/v2\/posts\/87873\/revisions"}],"wp:attachment":[{"href":"https:\/\/www.fuldaernachrichten.de\/index.php?rest_route=%2Fwp%2Fv2%2Fmedia&parent=87873"}],"wp:term":[{"taxonomy":"category","embeddable":true,"href":"https:\/\/www.fuldaernachrichten.de\/index.php?rest_route=%2Fwp%2Fv2%2Fcategories&post=87873"},{"taxonomy":"post_tag","embeddable":true,"href":"https:\/\/www.fuldaernachrichten.de\/index.php?rest_route=%2Fwp%2Fv2%2Ftags&post=87873"}],"curies":[{"name":"wp","href":"https:\/\/api.w.org\/{rel}","templated":true}]}}