{"id":87867,"date":"2011-07-03T00:12:37","date_gmt":"2011-07-03T00:12:37","guid":{"rendered":"http:\/\/www.fuldaer-nachrichten.de\/?p=87867"},"modified":"2011-07-03T06:01:52","modified_gmt":"2011-07-03T06:01:52","slug":"veranstaltungen-des-biospharenreservats-rhon-im-uberblick","status":"publish","type":"post","link":"https:\/\/www.fuldaernachrichten.de\/?p=87867","title":{"rendered":"Veranstaltungen des Biosph\u00e4renreservats Rh\u00f6n im \u00dcberblick"},"content":{"rendered":"<p><strong>Rh\u00f6n.<\/strong> Ob Fastenwoche, Flechtkurs, Familientag oder Wanderung &#8211; bei den Angeboten des Biosph\u00e4renreservats Rh\u00f6n findet jeder den passenden Programmpunkt. <!--more--><\/p>\n<p>Unter Leitung von Barbara Sch\u00fctz wird vom 8. \u2013 15. Juli 2011 in Poppenhausen eine Fastenwoche angeboten. Infos, Anmeldung unter Tel. 06657-919400.<\/p>\n<p>Hanna Bachmann l\u00e4dt f\u00fcr Samstag, 9. Juli 2011, zu einem Flechtkurs f\u00fcr Erwachsene mit eingeweichten Weiden nach Gersfeld-Mosbach ein. Anmeldung, Infos unter Tel. 06654-465.<\/p>\n<p>Am Sonntag, 9. Juli 2011, findet von 14.00 \u2013 18.00 Uhr auf dem Biolandhof R\u00f6nshausen ein Familientag statt. Infos, Anmeldung unter Tel. 06659-3287 oder 0661-25199-0.<\/p>\n<p>Auf einer Wanderung mit Julia Djabalameli erfahren Sie etwas \u00fcber die Entstehung der Kulturlandschaft der Rh\u00f6n, verkn\u00fcpft mit der Geschichte des Rh\u00f6nschafes. Treffpunkt ist am Sonntag, 10. Juli 2011, 14.00 Uhr, Spiegelshof in Ehrenberg-Melperts. Kosten: 3,00 \u00e2\u201a\u00ac, 1,50 \u00e2\u201a\u00ac pro Kind.<\/p>\n","protected":false},"excerpt":{"rendered":"<div class=\"tmnf_excerpt\"><p>Rh\u00f6n. Ob Fastenwoche, Flechtkurs, Familientag oder Wanderung &#8211; bei den Angeboten des Biosph\u00e4renreservats Rh\u00f6n findet jeder den passenden Programmpunkt.<\/p>\n<\/div>","protected":false},"author":1,"featured_media":0,"comment_status":"closed","ping_status":"closed","sticky":false,"template":"","format":"standard","meta":{"footnotes":""},"categories":[1,52],"tags":[],"class_list":["post-87867","post","type-post","status-publish","format-standard","hentry","category-startseite","category-umwelt"],"_links":{"self":[{"href":"https:\/\/www.fuldaernachrichten.de\/index.php?rest_route=\/wp\/v2\/posts\/87867","targetHints":{"allow":["GET"]}}],"collection":[{"href":"https:\/\/www.fuldaernachrichten.de\/index.php?rest_route=\/wp\/v2\/posts"}],"about":[{"href":"https:\/\/www.fuldaernachrichten.de\/index.php?rest_route=\/wp\/v2\/types\/post"}],"author":[{"embeddable":true,"href":"https:\/\/www.fuldaernachrichten.de\/index.php?rest_route=\/wp\/v2\/users\/1"}],"replies":[{"embeddable":true,"href":"https:\/\/www.fuldaernachrichten.de\/index.php?rest_route=%2Fwp%2Fv2%2Fcomments&post=87867"}],"version-history":[{"count":0,"href":"https:\/\/www.fuldaernachrichten.de\/index.php?rest_route=\/wp\/v2\/posts\/87867\/revisions"}],"wp:attachment":[{"href":"https:\/\/www.fuldaernachrichten.de\/index.php?rest_route=%2Fwp%2Fv2%2Fmedia&parent=87867"}],"wp:term":[{"taxonomy":"category","embeddable":true,"href":"https:\/\/www.fuldaernachrichten.de\/index.php?rest_route=%2Fwp%2Fv2%2Fcategories&post=87867"},{"taxonomy":"post_tag","embeddable":true,"href":"https:\/\/www.fuldaernachrichten.de\/index.php?rest_route=%2Fwp%2Fv2%2Ftags&post=87867"}],"curies":[{"name":"wp","href":"https:\/\/api.w.org\/{rel}","templated":true}]}}