{"id":87864,"date":"2011-07-02T00:17:27","date_gmt":"2011-07-02T00:17:27","guid":{"rendered":"http:\/\/www.fuldaer-nachrichten.de\/?p=87864"},"modified":"2011-07-02T04:52:31","modified_gmt":"2011-07-02T04:52:31","slug":"stadtteilprojekt-aktive-burger-im-munsterfeld-feierte-nachbarschaftsfest","status":"publish","type":"post","link":"https:\/\/www.fuldaernachrichten.de\/?p=87864","title":{"rendered":"Stadtteilprojekt \u201eAktive B\u00fcrger im M\u00fcnsterfeld\u201c feierte Nachbarschaftsfest"},"content":{"rendered":"<p><strong>Fulda<\/strong>. Zahlreiche Familien aus dem M\u00fcnsterfeld waren am letzen Samstag zu dem Nachbarschaftsfest beim Bildungsverein Kreidekreis e. V. in die Agnes-Huenninger-Str. gekommen, um bei warmen Temperaturen miteinander fr\u00f6hlich zu feiern. Schon von weitem machten aufsteigende Luftballons, die an diesem Tag zu einem Wettbewerb um den weitesten Flug auf die Reise geschickt wurden, auf das Fest aufmerksam. Er\u00f6ffnet wurde die Veranstaltung durch den Stadtrat Wolfgang Arnold und die Kreisbeigeordnete Ulla D\u00f6ppner. Ein buntes Rahmenprogramm mit Gesang, Live-Musik, einer Zauber- und Jongliershow, Ponyreiten sowie vielen weiteren Attraktionen und kulinarischen Gen\u00fcssen sorgten f\u00fcr viel Unterhaltung und Kurzweile, vor allem bei den Kindern.<\/p>\n<p><img decoding=\"async\" class=\"alignleft size-medium wp-image-87866\" title=\"110701_M\u00fcnsterfeld3\" src=\"http:\/\/www.fuldaer-nachrichten.de\/wp-content\/uploads\/2011\/07\/110701_M\u00fcnsterfeld3-265x177.jpg\" alt=\"\" width=\"265\" height=\"177\" \/> <img decoding=\"async\" class=\"alignleft size-medium wp-image-87865\" title=\"110701_M\u00fcnsterfeld1\" src=\"http:\/\/www.fuldaer-nachrichten.de\/wp-content\/uploads\/2011\/07\/110701_M\u00fcnsterfeld1-265x176.jpg\" alt=\"\" width=\"265\" height=\"176\" \/><\/p>\n<p>&nbsp;<\/p>\n<p>&nbsp;<\/p>\n<p>&nbsp;<\/p>\n<p>&nbsp;<\/p>\n<p>&nbsp;<\/p>\n<p>&nbsp;<\/p>\n<p><!--more-->Das Fest war ein H\u00f6hepunkt des gemeinwesenorientierten Stadtteilprojektes \u201eABM &#8211; Aktive B\u00fcrger im M\u00fcnsterfeld\u201c, das vom Bildungsverein Kreidekreis e. V. durchgef\u00fchrt wird. Ziel des Projektes ist die F\u00f6rderung des Gemeinwesens und die Aktivierung der Stadtteilbewohner f\u00fcr ein besseres Miteinander und eine funktionierende Nachbarschaft in einem sehr heterogenen Stadtteil.<\/p>\n<p>In Kooperation mit verschiedenen sozialen Einrichtungen wie AWO, B.O.J.E. e. V., DAFKS e. V., Eritreischer Frauenverein Fulda, Geist und Sendung, Jugendtreff Casino und Streetwork wurden beim Bildungsverein Kreidekreis e. V.  im Laufe der letzten drei Jahre viele Angebote durchgef\u00fchrt, wie z. B.  der Stadtteiltreff, der Internationale Frauentisch,  der Teeni-Treff und die SMOG-Elternschule.<\/p>\n<p>Deshalb beteiligten sich viele Stadtteilbewohner bei der Vorbereitung und Durchf\u00fchrung des Festes und trugen damit zum guten Gelingen bei. Auch hier ans\u00e4ssige Betriebe und Firmen unterst\u00fctzten diese Veranstaltung durch Geld- und verschiedene Sachspenden. Das Projekt wird gef\u00f6rdert vom Bundesamt f\u00fcr Migration und Fl\u00fcchtlinge und der Stadt Fulda und endet im August 2011.<\/p>\n","protected":false},"excerpt":{"rendered":"<div class=\"tmnf_excerpt\"><p>Fulda. Zahlreiche Familien aus dem M\u00fcnsterfeld waren am letzen Samstag zu dem Nachbarschaftsfest beim Bildungsverein Kreidekreis e. V. in die Agnes-Huenninger-Str. gekommen, um bei warmen Temperaturen miteinander fr\u00f6hlich zu feiern. Schon von weitem machten aufsteigende Luftballons, die an diesem Tag zu einem Wettbewerb um den weitesten Flug auf die Reise geschickt wurden, auf das Fest &hellip;<\/p>\n<\/div>","protected":false},"author":1,"featured_media":0,"comment_status":"closed","ping_status":"closed","sticky":false,"template":"","format":"standard","meta":{"footnotes":""},"categories":[1,44],"tags":[],"class_list":["post-87864","post","type-post","status-publish","format-standard","hentry","category-startseite","category-kultur"],"_links":{"self":[{"href":"https:\/\/www.fuldaernachrichten.de\/index.php?rest_route=\/wp\/v2\/posts\/87864","targetHints":{"allow":["GET"]}}],"collection":[{"href":"https:\/\/www.fuldaernachrichten.de\/index.php?rest_route=\/wp\/v2\/posts"}],"about":[{"href":"https:\/\/www.fuldaernachrichten.de\/index.php?rest_route=\/wp\/v2\/types\/post"}],"author":[{"embeddable":true,"href":"https:\/\/www.fuldaernachrichten.de\/index.php?rest_route=\/wp\/v2\/users\/1"}],"replies":[{"embeddable":true,"href":"https:\/\/www.fuldaernachrichten.de\/index.php?rest_route=%2Fwp%2Fv2%2Fcomments&post=87864"}],"version-history":[{"count":0,"href":"https:\/\/www.fuldaernachrichten.de\/index.php?rest_route=\/wp\/v2\/posts\/87864\/revisions"}],"wp:attachment":[{"href":"https:\/\/www.fuldaernachrichten.de\/index.php?rest_route=%2Fwp%2Fv2%2Fmedia&parent=87864"}],"wp:term":[{"taxonomy":"category","embeddable":true,"href":"https:\/\/www.fuldaernachrichten.de\/index.php?rest_route=%2Fwp%2Fv2%2Fcategories&post=87864"},{"taxonomy":"post_tag","embeddable":true,"href":"https:\/\/www.fuldaernachrichten.de\/index.php?rest_route=%2Fwp%2Fv2%2Ftags&post=87864"}],"curies":[{"name":"wp","href":"https:\/\/api.w.org\/{rel}","templated":true}]}}