{"id":87862,"date":"2011-07-02T00:18:42","date_gmt":"2011-07-02T00:18:42","guid":{"rendered":"http:\/\/www.fuldaer-nachrichten.de\/?p=87862"},"modified":"2011-07-02T04:54:15","modified_gmt":"2011-07-02T04:54:15","slug":"offentliche-fuhrung-wie-die-quadrate-auf-den-uniplatz-kamen","status":"publish","type":"post","link":"https:\/\/www.fuldaernachrichten.de\/?p=87862","title":{"rendered":"\u00d6ffentliche F\u00fchrung: Wie die Quadrate auf den Uniplatz kamen \u00e2\u20ac\u00a6"},"content":{"rendered":"<p><a href=\"http:\/\/www.fuldaer-nachrichten.de\/wp-content\/uploads\/2011\/07\/110707_F\u00fchrungUniplatz.jpg\"><img fetchpriority=\"high\" decoding=\"async\" class=\"alignleft size-thumbnail wp-image-87863\" title=\"110707_F\u00fchrungUniplatz\" src=\"http:\/\/www.fuldaer-nachrichten.de\/wp-content\/uploads\/2011\/07\/110707_F\u00fchrungUniplatz-265x265.jpg\" alt=\"\" width=\"265\" height=\"265\" \/><\/a><strong>Fulda <\/strong>(cp). Den Namen des Architekten Sep Ruf kennen nur wenige, aber Karstadt kennen alle. Zur Sonderausstellung \u201eWie die Quadrate auf den Uniplatz kamen \u00e2\u20ac\u00a6 Architektur der Moderne in Fulda \u2013 Sep Ruf\u201c wird am Mittwoch, 06. Juli 2011 um 17.00 Uhr eine \u00f6ffentliche F\u00fchrung mit dem Kurator Michael H. Gellings angeboten. Die F\u00fchrung schlie\u00dft auch einen Architekturspaziergang zu Karstadt, zum Uniplatz, zum Borgiasplatz und zum ehemaligen Postamt mit ein. Treffpunkt ist um 17.00 Uhr an der Kasse des Vonderau Museums. Das Kombiticket f\u00fcr F\u00fchrung und Museumseintritt kostet 7,&#8211;\u00e2\u201a\u00ac. Weitere Infos unter <a href=\"http:\/\/www.museum-fulda.de\">www.museum-fulda.de<\/a>.<\/p>\n","protected":false},"excerpt":{"rendered":"<div class=\"tmnf_excerpt\"><p>Fulda (cp). Den Namen des Architekten Sep Ruf kennen nur wenige, aber Karstadt kennen alle. Zur Sonderausstellung \u201eWie die Quadrate auf den Uniplatz kamen \u00e2\u20ac\u00a6 Architektur der Moderne in Fulda \u2013 Sep Ruf\u201c wird am Mittwoch, 06. Juli 2011 um 17.00 Uhr eine \u00f6ffentliche F\u00fchrung mit dem Kurator Michael H. Gellings angeboten. Die F\u00fchrung schlie\u00dft &hellip;<\/p>\n<\/div>","protected":false},"author":1,"featured_media":0,"comment_status":"closed","ping_status":"closed","sticky":false,"template":"","format":"standard","meta":{"footnotes":""},"categories":[1,44],"tags":[],"class_list":["post-87862","post","type-post","status-publish","format-standard","hentry","category-startseite","category-kultur"],"_links":{"self":[{"href":"https:\/\/www.fuldaernachrichten.de\/index.php?rest_route=\/wp\/v2\/posts\/87862","targetHints":{"allow":["GET"]}}],"collection":[{"href":"https:\/\/www.fuldaernachrichten.de\/index.php?rest_route=\/wp\/v2\/posts"}],"about":[{"href":"https:\/\/www.fuldaernachrichten.de\/index.php?rest_route=\/wp\/v2\/types\/post"}],"author":[{"embeddable":true,"href":"https:\/\/www.fuldaernachrichten.de\/index.php?rest_route=\/wp\/v2\/users\/1"}],"replies":[{"embeddable":true,"href":"https:\/\/www.fuldaernachrichten.de\/index.php?rest_route=%2Fwp%2Fv2%2Fcomments&post=87862"}],"version-history":[{"count":0,"href":"https:\/\/www.fuldaernachrichten.de\/index.php?rest_route=\/wp\/v2\/posts\/87862\/revisions"}],"wp:attachment":[{"href":"https:\/\/www.fuldaernachrichten.de\/index.php?rest_route=%2Fwp%2Fv2%2Fmedia&parent=87862"}],"wp:term":[{"taxonomy":"category","embeddable":true,"href":"https:\/\/www.fuldaernachrichten.de\/index.php?rest_route=%2Fwp%2Fv2%2Fcategories&post=87862"},{"taxonomy":"post_tag","embeddable":true,"href":"https:\/\/www.fuldaernachrichten.de\/index.php?rest_route=%2Fwp%2Fv2%2Ftags&post=87862"}],"curies":[{"name":"wp","href":"https:\/\/api.w.org\/{rel}","templated":true}]}}