{"id":87852,"date":"2011-07-03T00:10:05","date_gmt":"2011-07-03T00:10:05","guid":{"rendered":"http:\/\/www.fuldaer-nachrichten.de\/?p=87852"},"modified":"2011-07-03T06:02:25","modified_gmt":"2011-07-03T06:02:25","slug":"horst-lichter-kommt-im-oktober-nach-fulda","status":"publish","type":"post","link":"https:\/\/www.fuldaernachrichten.de\/?p=87852","title":{"rendered":"Horst Lichter kommt im Oktober nach Fulda"},"content":{"rendered":"<p><strong>Fulda<\/strong>. Als der Ausnahme-Fernsehkoch Horst Lichter 2008 erstmals mit seinem Programm &#8220;Sushi ist auch keine L\u00f6sung!&#8221; auf gro\u00dfe Tournee ging, lernten viele Fans eine v\u00f6llig neue Seite des lebenslustigen Schnurrbarttr\u00e4gers kennen. Mit unterhaltsamen und kuriosen Anekdoten aus der Geschichte des Essens und aus seinem Leben begeisterte er Zuschauer und Presse. \u00dcber 100.000 Zuschauer haben den unbeirrbaren Verfechter von Sahne und Butter live erlebt und Horst Lichter somit zum erfolgreichsten Live-Koch Deutschlands gek\u00fcrt. Nun kehrt er zur\u00fcck: Mit seinem brandneuen Programm &#8220;Kann denn Butter S\u00fcnde sein.<!--more--><\/p>\n<p>In &#8220;Kann denn Butter S\u00fcnde sein?&#8221; nimmt Horst Lichter den Zuschauer in seiner unnachahmlichen Art mit auf eine Reise durch die TV-Studios und K\u00fcchen dieser Welt und gew\u00e4hrt seinem Publikum einen privaten Einblick in seine einzigartige Lebensgeschichte! Ob TV-Kollegen, Ern\u00e4hrungswissenschaftler, Prominente oder er selbst &#8211; alle bekommen im wahrsten Sinne des Wortes ihr Fett weg. Horst Lichter guckt dabei auch immer wieder \u00fcber den Tellerrand hinaus. Hat er doch in den letzten Jahren bei Dreharbeiten und privaten Reisen die Sitten und Gebr\u00e4uche verschiedenster L\u00e4nder kennengelernt. Selbst im Urlaub konnte er dabei einen Blick in die landestypischen K\u00fcchen nicht lassen. Kuriose Erfahrungen machte er aber auch schon bei den Reisen an sich. Ob mit Flugzeug, Auto, Bus oder Bahn, wenn der Horst eine Reise tut, hat er hinterher immer etwas zu erz\u00e4hlen. Aber auch \u00fcber das Kochen in Deutschland macht er sich wie immer so seine eigenen Gedanken und begegnet allen Di\u00e4tfetischisten und Magermodells mit einer simplen Frage: &#8220;Kann denn Butter S\u00fcnde sein?&#8221;. Die Antwort gibt er live auf der B\u00fchne, wenn er zwischen seinen einzigartigen, lustigen Geschichten ab und zu auch mal den Herd anschmei\u00dft.<br \/>\n<strong><br \/>\nHORST LICHTER<br \/>\n&#8220;Kann denn Butter S\u00fcnde sein&#8221;<br \/>\nSonntag, 30.10.2011 &#8211; 19 Uhr &#8211; Esperantohalle Fulda <\/strong><\/p>\n<p>Tickets gibt es an allen bekannten Vorverkaufsstellen, unter der Ticket-Hotline 0561\/ 70 95 50 oder rund um die Uhr im Internet unter <a href=\"http:\/\/www.mmkonzerte.de\">www.mmkonzerte.de<\/a> .<\/p>\n","protected":false},"excerpt":{"rendered":"<div class=\"tmnf_excerpt\"><p>Fulda. Als der Ausnahme-Fernsehkoch Horst Lichter 2008 erstmals mit seinem Programm &#8220;Sushi ist auch keine L\u00f6sung!&#8221; auf gro\u00dfe Tournee ging, lernten viele Fans eine v\u00f6llig neue Seite des lebenslustigen Schnurrbarttr\u00e4gers kennen. Mit unterhaltsamen und kuriosen Anekdoten aus der Geschichte des Essens und aus seinem Leben begeisterte er Zuschauer und Presse. \u00dcber 100.000 Zuschauer haben den &hellip;<\/p>\n<\/div>","protected":false},"author":1,"featured_media":0,"comment_status":"closed","ping_status":"closed","sticky":false,"template":"","format":"standard","meta":{"footnotes":""},"categories":[1],"tags":[],"class_list":["post-87852","post","type-post","status-publish","format-standard","hentry","category-startseite"],"_links":{"self":[{"href":"https:\/\/www.fuldaernachrichten.de\/index.php?rest_route=\/wp\/v2\/posts\/87852","targetHints":{"allow":["GET"]}}],"collection":[{"href":"https:\/\/www.fuldaernachrichten.de\/index.php?rest_route=\/wp\/v2\/posts"}],"about":[{"href":"https:\/\/www.fuldaernachrichten.de\/index.php?rest_route=\/wp\/v2\/types\/post"}],"author":[{"embeddable":true,"href":"https:\/\/www.fuldaernachrichten.de\/index.php?rest_route=\/wp\/v2\/users\/1"}],"replies":[{"embeddable":true,"href":"https:\/\/www.fuldaernachrichten.de\/index.php?rest_route=%2Fwp%2Fv2%2Fcomments&post=87852"}],"version-history":[{"count":0,"href":"https:\/\/www.fuldaernachrichten.de\/index.php?rest_route=\/wp\/v2\/posts\/87852\/revisions"}],"wp:attachment":[{"href":"https:\/\/www.fuldaernachrichten.de\/index.php?rest_route=%2Fwp%2Fv2%2Fmedia&parent=87852"}],"wp:term":[{"taxonomy":"category","embeddable":true,"href":"https:\/\/www.fuldaernachrichten.de\/index.php?rest_route=%2Fwp%2Fv2%2Fcategories&post=87852"},{"taxonomy":"post_tag","embeddable":true,"href":"https:\/\/www.fuldaernachrichten.de\/index.php?rest_route=%2Fwp%2Fv2%2Ftags&post=87852"}],"curies":[{"name":"wp","href":"https:\/\/api.w.org\/{rel}","templated":true}]}}