{"id":8785,"date":"2008-04-16T00:33:10","date_gmt":"2008-04-15T22:33:10","guid":{"rendered":"http:\/\/www.schoene-nachrichten.de\/?p=8785"},"modified":"2008-04-15T23:57:02","modified_gmt":"2008-04-15T21:57:02","slug":"erstes-vorbereitungswochenende-der-wjt-teilnehmer-fuer-sydney-im-marianum-12-13-april","status":"publish","type":"post","link":"https:\/\/www.fuldaernachrichten.de\/?p=8785","title":{"rendered":"Erstes Vorbereitungswochenende der WJT-Teilnehmer f\u00fcr Sydney im Marianum 12.-13. April"},"content":{"rendered":"<p><strong>Fulda.<\/strong> Vom 12.-13. April fand im Marianum in Fulda das erste Vorbereitungswochenende f\u00fcr die Teilnehmer der Fahrt des Bistums Fulda zum Weltjugendtag (WJT) im Juli nach Syndey statt. 120 junge Leute, knapp die H\u00e4lfte der Teilnehmer, hatten sich eingefunden. Der restliche Teil der insgesamt 270 Teilnehmer wird im Juni zum zweiten Vorbereitungswochenende erwartet.<\/p>\n<p><strong>Fotos (6):<\/strong> Bisch\u00f6fliches Jugendamt<\/p>\n<p><a rel=\"lightbox[roadtrip]\" href=\"http:\/\/www.schoene-nachrichten.de\/wp-content\/uploads\/2008\/04\/080415_sydney1.jpg\" target=\"_blank\"><img decoding=\"async\" class=\"alignleft size-thumbnail wp-image-8808\" title=\"080415_sydney1\" src=\"http:\/\/www.schoene-nachrichten.de\/wp-content\/uploads\/2008\/04\/080415_sydney1-128x85.jpg\" alt=\"\" width=\"128\" height=\"85\" \/><\/a> <a rel=\"lightbox[roadtrip]\" href=\"http:\/\/www.schoene-nachrichten.de\/wp-content\/uploads\/2008\/04\/080415_sydney2.jpg\" target=\"_blank\"><img decoding=\"async\" class=\"alignleft size-thumbnail wp-image-8809\" title=\"080415_sydney2\" src=\"http:\/\/www.schoene-nachrichten.de\/wp-content\/uploads\/2008\/04\/080415_sydney2-128x85.jpg\" alt=\"\" width=\"128\" height=\"85\" \/><\/a> <a rel=\"lightbox[roadtrip]\" href=\"http:\/\/www.schoene-nachrichten.de\/wp-content\/uploads\/2008\/04\/080415_sydney3.jpg\" target=\"_blank\"><img decoding=\"async\" class=\"alignleft size-thumbnail wp-image-8810\" title=\"080415_sydney3\" src=\"http:\/\/www.schoene-nachrichten.de\/wp-content\/uploads\/2008\/04\/080415_sydney3-128x85.jpg\" alt=\"\" width=\"128\" height=\"85\" \/><!--more--><\/a><\/p>\n<p>Die jungen Leute &#8220;\u00fcbten&#8221; bereits f\u00fcr den WJT mit Isomatten\u00fcbernachtung, kaltem Wasser, Essen in Sechsergruppen, Feiern der Messe, viel Freude und Gemeinschaft. &#8220;Es ist uns sehr wichtig, dass unsere jungen Leute gut vorbereitet auf diese Pilgerreise gehen&#8221;, so Simone Twents vom Bisch\u00f6flichen Jugendamt Fulda, Projektverantwortliche der Fahrt.<\/p>\n<p>&#8220;Man muss wissen, was auf einen zukommt, um innerlich offen zu werden f\u00fcr tiefere Glaubensschritte, die wir schon oft bei Teilnehmern von Weltjugendtagen erlebt haben.&#8221; Verschiedene Infoeinheiten \u00fcber Land, Kirche und Kultur Australiens und Hongkongs, wo die Gruppe ebenfalls Station machen wird, ebenso wie Inputs \u00fcber Teamgeist, Gemeinschaft, Pilgern, Krisenmanagement &amp; Improvisation standen auf dem Programm.<\/p>\n<p>Au\u00dferdem bereiteten die jungen Leute aus dem ganzen Bistumsgebiet von Hanau \u00fcber Marburg und Fulda bis Eschwege in verschiedenen Workshops bereits eigene Programmelemente f\u00fcr die WJT-Fahrt vor, so z.B. Musik, kulturelle Darbietungen, um unser Land zu pr\u00e4sentieren oder ein Anspiel zum Weltjugendtagsmotto \u00fcber den Heiligen Geist. Au\u00dferdem wurden Banner gemalt und Buttons gepresst f\u00fcr die ganze Gruppe als Wiedererkennungselemente.<\/p>\n<p><a rel=\"lightbox[roadtrip]\" href=\"http:\/\/www.schoene-nachrichten.de\/wp-content\/uploads\/2008\/04\/080415_sydney4.jpg\" target=\"_blank\"><img loading=\"lazy\" decoding=\"async\" class=\"alignleft size-thumbnail wp-image-8811\" title=\"080415_sydney4\" src=\"http:\/\/www.schoene-nachrichten.de\/wp-content\/uploads\/2008\/04\/080415_sydney4-128x85.jpg\" alt=\"\" width=\"128\" height=\"85\" \/><\/a> <a rel=\"lightbox[roadtrip]\" href=\"http:\/\/www.schoene-nachrichten.de\/wp-content\/uploads\/2008\/04\/080415_sydney6.jpg\" target=\"_blank\"><img loading=\"lazy\" decoding=\"async\" class=\"alignleft size-thumbnail wp-image-8812\" title=\"080415_sydney6\" src=\"http:\/\/www.schoene-nachrichten.de\/wp-content\/uploads\/2008\/04\/080415_sydney6-128x85.jpg\" alt=\"\" width=\"128\" height=\"85\" \/><\/a> <a rel=\"lightbox[roadtrip]\" href=\"http:\/\/www.schoene-nachrichten.de\/wp-content\/uploads\/2008\/04\/080415_sydney7.jpg\" target=\"_blank\"><img loading=\"lazy\" decoding=\"async\" class=\"alignleft size-thumbnail wp-image-8813\" title=\"080415_sydney7\" src=\"http:\/\/www.schoene-nachrichten.de\/wp-content\/uploads\/2008\/04\/080415_sydney7-128x85.jpg\" alt=\"\" width=\"128\" height=\"85\" \/><\/a><\/p>\n<p>&#8220;Ich freue mich schon sehr auf den Weltjugendtag in Australien. Mit so vielen anderen Jugendlichen den Glauben zu feiern und das am anderen Ende der Welt, das wird bestimmt der Hammer!&#8221; so Jannika Weber (17) aus Flieden. Am Abend pilgerten die Teilnehmer zur Liobakirche, um sich dort durch einen Gebets- und Segnungsabend auf die gro\u00dfe Pilgerfahrt einzustimmen. Eine Besonderheit der Fahrt ist es, dass das Schulblasorchester des Marianum unter der Leitung von Karl Heinz Vogel an der Fahrt zum WJT nach Australien teilnehmen wird und dort das Programm mitgestalten wird.<\/p>\n<p>So werden sie zum Beispiel Weihbischof Karlheinz Diez tatkr\u00e4ftig unterst\u00fctzen, der ebenfalls zum Weltjugendtag nach Sydney reisen wird, um dort im Auftrag des Vatikans drei deutschsprachige Katechesen zu halten. Er war ebenfalls beim Vorbereitungswochenende pr\u00e4sent: &#8220;Das wird eine ganz gro\u00dfe Reise, die wir da machen. Ich selber habe Feuer gefangen beim Weltjugendtag in K\u00f6ln 2005&#8221;, so Weihbischof Diez.<\/p>\n<p>Wer den WJT von Deutschland aus verfolgen will: &#8220;WJT@home&#8221; vom 16. bis 20. Juli 2008 in H\u00fcnfeld, mit Katechese, Konzert, Sakramenten, Lebenswerkstatt und Live-\u00dcbertragung der Ereignisse aus Sydney. Infos &amp; Prospekte: Bisch\u00f6fliches Jugendamt Fulda, Paulustor 5, 36037 Fulda, Tel. 0661\/87-306 oder bja@bistum-fulda.de Website: <a href=\"http:\/\/www.wjt2008-fulda.de\" target=\"_blank\">www.wjt2008-fulda.de<\/a><\/p>\n","protected":false},"excerpt":{"rendered":"<div class=\"tmnf_excerpt\"><p>Fulda. Vom 12.-13. April fand im Marianum in Fulda das erste Vorbereitungswochenende f\u00fcr die Teilnehmer der Fahrt des Bistums Fulda zum Weltjugendtag (WJT) im Juli nach Syndey statt. 120 junge Leute, knapp die H\u00e4lfte der Teilnehmer, hatten sich eingefunden. Der restliche Teil der insgesamt 270 Teilnehmer wird im Juni zum zweiten Vorbereitungswochenende erwartet. Fotos (6): &hellip;<\/p>\n<\/div>","protected":false},"author":1,"featured_media":0,"comment_status":"closed","ping_status":"closed","sticky":false,"template":"","format":"standard","meta":{"footnotes":""},"categories":[1,72,50],"tags":[],"class_list":["post-8785","post","type-post","status-publish","format-standard","hentry","category-startseite","category-jugend","category-kirche"],"_links":{"self":[{"href":"https:\/\/www.fuldaernachrichten.de\/index.php?rest_route=\/wp\/v2\/posts\/8785","targetHints":{"allow":["GET"]}}],"collection":[{"href":"https:\/\/www.fuldaernachrichten.de\/index.php?rest_route=\/wp\/v2\/posts"}],"about":[{"href":"https:\/\/www.fuldaernachrichten.de\/index.php?rest_route=\/wp\/v2\/types\/post"}],"author":[{"embeddable":true,"href":"https:\/\/www.fuldaernachrichten.de\/index.php?rest_route=\/wp\/v2\/users\/1"}],"replies":[{"embeddable":true,"href":"https:\/\/www.fuldaernachrichten.de\/index.php?rest_route=%2Fwp%2Fv2%2Fcomments&post=8785"}],"version-history":[{"count":0,"href":"https:\/\/www.fuldaernachrichten.de\/index.php?rest_route=\/wp\/v2\/posts\/8785\/revisions"}],"wp:attachment":[{"href":"https:\/\/www.fuldaernachrichten.de\/index.php?rest_route=%2Fwp%2Fv2%2Fmedia&parent=8785"}],"wp:term":[{"taxonomy":"category","embeddable":true,"href":"https:\/\/www.fuldaernachrichten.de\/index.php?rest_route=%2Fwp%2Fv2%2Fcategories&post=8785"},{"taxonomy":"post_tag","embeddable":true,"href":"https:\/\/www.fuldaernachrichten.de\/index.php?rest_route=%2Fwp%2Fv2%2Ftags&post=8785"}],"curies":[{"name":"wp","href":"https:\/\/api.w.org\/{rel}","templated":true}]}}