{"id":87838,"date":"2011-07-01T00:15:43","date_gmt":"2011-07-01T00:15:43","guid":{"rendered":"http:\/\/www.fuldaer-nachrichten.de\/?p=87838"},"modified":"2011-07-01T05:37:54","modified_gmt":"2011-07-01T05:37:54","slug":"englischer-kathedralchor-zu-gast-im-dom-zu-fulda","status":"publish","type":"post","link":"https:\/\/www.fuldaernachrichten.de\/?p=87838","title":{"rendered":"Englischer Kathedralchor zu Gast im Dom zu Fulda"},"content":{"rendered":"<p><a href=\"http:\/\/www.fuldaer-nachrichten.de\/wp-content\/uploads\/2011\/06\/110630_CathedralChoircolourjpg.jpg\"><img decoding=\"async\" class=\"alignleft size-thumbnail wp-image-87839\" title=\"110630_CathedralChoircolourjpg\" src=\"http:\/\/www.fuldaer-nachrichten.de\/wp-content\/uploads\/2011\/06\/110630_CathedralChoircolourjpg-265x168.jpg\" alt=\"\" width=\"265\" height=\"168\" srcset=\"https:\/\/www.fuldaernachrichten.de\/wp-content\/uploads\/2011\/06\/110630_CathedralChoircolourjpg-265x168.jpg 265w, https:\/\/www.fuldaernachrichten.de\/wp-content\/uploads\/2011\/06\/110630_CathedralChoircolourjpg.jpg 592w\" sizes=\"(max-width: 265px) 100vw, 265px\" \/><\/a><strong>Fulda. <\/strong>Nach Konzerten im K\u00f6lner, Frankfurter und Limburger Dom sowie in der Abtei Marienstatt wird der englische St. Davids Cathedral Choir aus Wales zu Gast bei den Ch\u00f6ren am Fuldaer Dom sein. <!--more--><\/p>\n<p>Englische Spuren findet man in Fulda durch den hl. Bonifatius der als Wynfreth 672\/73 in Crediton in der N\u00e4he von Exeter geboren wurde, dem damaligen Kleink\u00f6nigtum Wessex, heute die Grafschaft Devon im S\u00fcdwesten Englands. Er gilt als Apostel und Schutzheilige der Deutschen \u2013 ebenso wird er auch als Schutzheiliger von England erw\u00e4hnt.<\/p>\n<p>Auch der Chor hat in seinem Namen einen Schutzheiligen, St. David \u2013 er ist der Schutzheilige von Wales, wird dort sehr verehrt und hat sein Grab, genau wie der Hl. Bonifatius, in der dortigen Kathedrale. Dies sind interessante Gemeinsamkeiten. Die Kathedrale stammt in den \u00e4ltesten Teilen aus dem 12. Jahrhundert und hat eine interessante Holzdecke aus dem 16. Jahrhundert. St. David ist die kleinste Stadt (City) in England. Stadt darf sich nur nennen wer eine grosse Kathedrale hat. Wales hat eine eigene Sprache und man singt gerne in Wales. Viele gute Musiker gibt es \u2013 einer davon ist zum Beispiel Bryn Terfel, der auch hier sehr bekannt ist. Au\u00dferdem gibt es ber\u00fchmte Festivals und Sommerkonzerte in Wales.<\/p>\n<p>Der St. Davids Cathedral Choir unter Leitung von Alexander Mason singt<strong> am Donnerstag, dem 4.8.2011 um 20.00 Uhr<\/strong> ein Konzert im Hochchor des Hohen Doms zu Fulda. Der Eintritt f\u00fcr dieses Konzert ist frei, um eine Spende f\u00fcr die kirchenmusikalische Arbeit wird gebeten.<\/p>\n<p>Dieser Chor ist eine Besonderheit im Vereinigten K\u00f6nigreich, denn als einziger kennzeichnet ihn die herausragende Stellung (top line) der M\u00e4dchenstimmen (zwischen 8 und 18 Jahren). Die Orgel spielt der Organist der Kathedrale von St. Davids, Simon Pearce. Zu h\u00f6ren sein werden Werke von Tallis, Byrd, Bednall, Briggs, L\u00e2\u20ac\u2122Estrange, Wesley, Tavener, Goodall, u.a. und das ber\u00fchmte \u201cI was glad\u00e2\u20ac\u009d von Parry, das man k\u00fcrzlich auch bei der Royal Wedding h\u00f6ren konnte.<\/p>\n<p>&nbsp;<\/p>\n","protected":false},"excerpt":{"rendered":"<div class=\"tmnf_excerpt\"><p>Fulda. Nach Konzerten im K\u00f6lner, Frankfurter und Limburger Dom sowie in der Abtei Marienstatt wird der englische St. Davids Cathedral Choir aus Wales zu Gast bei den Ch\u00f6ren am Fuldaer Dom sein.<\/p>\n<\/div>","protected":false},"author":1,"featured_media":0,"comment_status":"closed","ping_status":"closed","sticky":false,"template":"","format":"standard","meta":{"footnotes":""},"categories":[1,50],"tags":[],"class_list":["post-87838","post","type-post","status-publish","format-standard","hentry","category-startseite","category-kirche"],"_links":{"self":[{"href":"https:\/\/www.fuldaernachrichten.de\/index.php?rest_route=\/wp\/v2\/posts\/87838","targetHints":{"allow":["GET"]}}],"collection":[{"href":"https:\/\/www.fuldaernachrichten.de\/index.php?rest_route=\/wp\/v2\/posts"}],"about":[{"href":"https:\/\/www.fuldaernachrichten.de\/index.php?rest_route=\/wp\/v2\/types\/post"}],"author":[{"embeddable":true,"href":"https:\/\/www.fuldaernachrichten.de\/index.php?rest_route=\/wp\/v2\/users\/1"}],"replies":[{"embeddable":true,"href":"https:\/\/www.fuldaernachrichten.de\/index.php?rest_route=%2Fwp%2Fv2%2Fcomments&post=87838"}],"version-history":[{"count":0,"href":"https:\/\/www.fuldaernachrichten.de\/index.php?rest_route=\/wp\/v2\/posts\/87838\/revisions"}],"wp:attachment":[{"href":"https:\/\/www.fuldaernachrichten.de\/index.php?rest_route=%2Fwp%2Fv2%2Fmedia&parent=87838"}],"wp:term":[{"taxonomy":"category","embeddable":true,"href":"https:\/\/www.fuldaernachrichten.de\/index.php?rest_route=%2Fwp%2Fv2%2Fcategories&post=87838"},{"taxonomy":"post_tag","embeddable":true,"href":"https:\/\/www.fuldaernachrichten.de\/index.php?rest_route=%2Fwp%2Fv2%2Ftags&post=87838"}],"curies":[{"name":"wp","href":"https:\/\/api.w.org\/{rel}","templated":true}]}}