{"id":87827,"date":"2011-07-01T00:17:46","date_gmt":"2011-07-01T00:17:46","guid":{"rendered":"http:\/\/www.fuldaer-nachrichten.de\/?p=87827"},"modified":"2011-07-01T05:42:35","modified_gmt":"2011-07-01T05:42:35","slug":"gute-resonanz-auf-tag-der-offenen-garten","status":"publish","type":"post","link":"https:\/\/www.fuldaernachrichten.de\/?p=87827","title":{"rendered":"Gute Resonanz auf Tag der offenen G\u00e4rten"},"content":{"rendered":"<p><strong>Fulda (cp).<\/strong> Beim Tag der offenen G\u00e4rten 2011 in Fulda bezauberten Duft und Farben in den G\u00e4rten der Stadtregion viele Besucher, die sich trotz eines durchwachsenen Wetters vom Besuch der Er\u00f6ffnungsveranstaltung mit Oberb\u00fcrgermeister Gerhard M\u00f6ller, Stadtbaur\u00e4tin Cornelia Zuschke und vielen Vertretern des \u00f6ffentlichen Lebens keinesfalls abhalten lie\u00dfen. \u201eDie Offenen G\u00e4rten geh\u00f6ren seit sieben Jahren zur Kultur unserer Stadtregion und wir freuen uns, dass dieses Jahr auch Petersberg und K\u00fcnzell mitwirken\u201c, so Schirmherr Gerhard M\u00f6ller und Cornelia Zuschke beim Empfang mit feinen Kl\u00e4ngen des Kammerorchesters der Jugend auf der Kaisersaalterrasse. Die Stadtbaur\u00e4tin wies auch darauf hin, dass hier noch den ganzen Sommer eine Ausstellung mit bekannten und weniger bekannten Duftpflanzen von Taglilien bis zum Quendel und Rosenwaldmeister zu bewundern sei.<\/p>\n<p><a href=\"http:\/\/www.fuldaer-nachrichten.de\/wp-content\/uploads\/2011\/06\/110630_offenegaertenR001-003.jpg\"><img decoding=\"async\" class=\"alignnone size-thumbnail wp-image-87828\" title=\"110630_offenegaertenR001-003\" src=\"http:\/\/www.fuldaer-nachrichten.de\/wp-content\/uploads\/2011\/06\/110630_offenegaertenR001-003-265x176.jpg\" alt=\"\" width=\"265\" height=\"176\" srcset=\"https:\/\/www.fuldaernachrichten.de\/wp-content\/uploads\/2011\/06\/110630_offenegaertenR001-003-265x176.jpg 265w, https:\/\/www.fuldaernachrichten.de\/wp-content\/uploads\/2011\/06\/110630_offenegaertenR001-003.jpg 592w\" sizes=\"(max-width: 265px) 100vw, 265px\" \/><\/a> <a href=\"http:\/\/www.fuldaer-nachrichten.de\/wp-content\/uploads\/2011\/06\/110630_offenegaertenR001-019.jpg\"><img decoding=\"async\" class=\"alignnone size-thumbnail wp-image-87832\" title=\"110630_offenegaertenR001-019\" src=\"http:\/\/www.fuldaer-nachrichten.de\/wp-content\/uploads\/2011\/06\/110630_offenegaertenR001-019-265x176.jpg\" alt=\"\" width=\"265\" height=\"176\" srcset=\"https:\/\/www.fuldaernachrichten.de\/wp-content\/uploads\/2011\/06\/110630_offenegaertenR001-019-265x176.jpg 265w, https:\/\/www.fuldaernachrichten.de\/wp-content\/uploads\/2011\/06\/110630_offenegaertenR001-019.jpg 592w\" sizes=\"(max-width: 265px) 100vw, 265px\" \/><\/a><\/p>\n<p><!--more--><\/p>\n<p><strong>Eindr\u00fccke f\u00fcr alle Sinne<\/strong><\/p>\n<p>Beginnend am Freitagabend mit fantastischen, mannigfarbigen Mikroskopaufnahmen, die im Hof der Kunstschmiede Bernhardt an die Giebelwand projiziert wurden und der sch\u00f6nen Stimmung bei Kerzenlicht auf kunstvoll geschmiedeten Leuchtern, wurden die Tage der Offenen G\u00e4rten stimmungsvoll eingeleitet. Beim Schlossgartenfest am Samstag  und den sehr gut besuchten Offenen Privatg\u00e4rten am Sonntag konnten wunderbare Eindr\u00fccke f\u00fcr alle Sinne aufgenommen werden.  Farbe in den Schlossgarten brachten die herrlichen Blumen in Farbharmonien rund um Orange, die St\u00e4nde und die Pavillons der Hotelfachschule, die sich diesmal mit ihrem Programm wieder selbst \u00fcbertraf. Farbenfrische Cocktails, Rosen- und Lavendelsekt, \u00dcberraschungs-Fingerfood zum Empfang und leckere kleine Grillgerichte mit jahreszeitlich passenden Dips \u00fcberzeugten die G\u00e4ste vom Lernfortschritt der Studenten. Zusammen mit Jazz, dem Kammerorchester der Jugend  und sp\u00e4ter mit  b\u00f6hmisch-m\u00e4hrischer Blasmusik des Musikvereins C\u00e4cila L\u00fctter entstand eine entspannte Stimmung, getaucht in goldenes Nachmittagslicht.<\/p>\n<p><a href=\"http:\/\/www.fuldaer-nachrichten.de\/wp-content\/uploads\/2011\/06\/110630_offenegaertenR001-008.jpg\"><img decoding=\"async\" class=\"alignnone size-thumbnail wp-image-87829\" title=\"110630_offenegaertenR001-008\" src=\"http:\/\/www.fuldaer-nachrichten.de\/wp-content\/uploads\/2011\/06\/110630_offenegaertenR001-008-265x176.jpg\" alt=\"\" width=\"265\" height=\"176\" srcset=\"https:\/\/www.fuldaernachrichten.de\/wp-content\/uploads\/2011\/06\/110630_offenegaertenR001-008-265x176.jpg 265w, https:\/\/www.fuldaernachrichten.de\/wp-content\/uploads\/2011\/06\/110630_offenegaertenR001-008.jpg 592w\" sizes=\"(max-width: 265px) 100vw, 265px\" \/><\/a> <a href=\"http:\/\/www.fuldaer-nachrichten.de\/wp-content\/uploads\/2011\/06\/110630_offenegaertenR001-012.jpg\"><img loading=\"lazy\" decoding=\"async\" class=\"alignnone size-thumbnail wp-image-87830\" title=\"110630_offenegaertenR001-012\" src=\"http:\/\/www.fuldaer-nachrichten.de\/wp-content\/uploads\/2011\/06\/110630_offenegaertenR001-012-265x176.jpg\" alt=\"\" width=\"265\" height=\"176\" srcset=\"https:\/\/www.fuldaernachrichten.de\/wp-content\/uploads\/2011\/06\/110630_offenegaertenR001-012-265x176.jpg 265w, https:\/\/www.fuldaernachrichten.de\/wp-content\/uploads\/2011\/06\/110630_offenegaertenR001-012.jpg 592w\" sizes=\"(max-width: 265px) 100vw, 265px\" \/><\/a><br \/>\n<strong>Austausch zwischen Gartenfreunden<\/strong><\/p>\n<p>In den Privatg\u00e4rten war am Sonntag ein Kommen und Gehen interessierter Gartenfreunde. Mit gro\u00dfem Staunen und viel Freude fanden interessante Begegnungen und ein reger Austausch \u00fcber vielf\u00e4ltige Themen statt: \u00dcber Rosensorten und Klematis, Farbharmonien, Pflasterlegen, Hochbeete und Mulchverfahren, Trockenmauern, Heckenschnitt, ertragreiche Tomatensorten, Pflegeintensit\u00e4t und andres mehr konnte man regionale Erfahrungen in Kenntnis bringen. Auch wie ganz kleine G\u00e4rten oder Hangg\u00e4rten geschickt angelegt werden k\u00f6nnen, war von den Gartenbesitzern selbst, den mitwirkenden Garten- und Landschaftsbaufirmen oder Landschaftsarchitektinnen zu h\u00f6ren.<\/p>\n<p><a href=\"http:\/\/www.fuldaer-nachrichten.de\/wp-content\/uploads\/2011\/06\/110630_offenegaertenR001-021.jpg\"><img loading=\"lazy\" decoding=\"async\" class=\"alignnone size-thumbnail wp-image-87833\" title=\"110630_offenegaertenR001-021\" src=\"http:\/\/www.fuldaer-nachrichten.de\/wp-content\/uploads\/2011\/06\/110630_offenegaertenR001-021-265x176.jpg\" alt=\"\" width=\"265\" height=\"176\" srcset=\"https:\/\/www.fuldaernachrichten.de\/wp-content\/uploads\/2011\/06\/110630_offenegaertenR001-021-265x176.jpg 265w, https:\/\/www.fuldaernachrichten.de\/wp-content\/uploads\/2011\/06\/110630_offenegaertenR001-021.jpg 592w\" sizes=\"(max-width: 265px) 100vw, 265px\" \/><\/a> <a href=\"http:\/\/www.fuldaer-nachrichten.de\/wp-content\/uploads\/2011\/06\/110630_offenegaertenR001-017.jpg\"><img loading=\"lazy\" decoding=\"async\" class=\"alignnone size-thumbnail wp-image-87831\" title=\"110630_offenegaertenR001-017\" src=\"http:\/\/www.fuldaer-nachrichten.de\/wp-content\/uploads\/2011\/06\/110630_offenegaertenR001-017-265x176.jpg\" alt=\"\" width=\"265\" height=\"176\" srcset=\"https:\/\/www.fuldaernachrichten.de\/wp-content\/uploads\/2011\/06\/110630_offenegaertenR001-017-265x176.jpg 265w, https:\/\/www.fuldaernachrichten.de\/wp-content\/uploads\/2011\/06\/110630_offenegaertenR001-017.jpg 592w\" sizes=\"(max-width: 265px) 100vw, 265px\" \/><\/a><\/p>\n<p><strong>Gute Resonanz<\/strong><\/p>\n<p>\u201eWir haben von den Gartenbesitzern wie auch von den Besuchern zahlreiche positive R\u00fcckmeldungen bekommen und die offenen G\u00e4rten sind wieder sehr gut angenommen worden\u201c, freut sich der Leiter des Gr\u00fcnfl\u00e4chenamtes der Stadt Fulda, Dirk Handwerk. Zusammen mit dem Oberb\u00fcrgermeister und der Stadtbaur\u00e4tin dankt er allen beteiligten Gartenbesitzern f\u00fcrs \u00d6ffnen ihrer G\u00e4rten sowie allen helfenden H\u00e4nden \u2013 den Hausmeistern, StandbertreiberInnen, dem Betriebsamt, dem B\u00fcro Gartissimo, den Sponsoren und den st\u00e4dtischen Mitarbeiter\/innen; die zum Erfolg des diesj\u00e4hrigen Tags der offenen G\u00e4rten 2011 beigetragen haben. \u201eDas Thema Duft und Farbe zeigte sich in herrlicher Vielfalt und die Gartenfreunde konnten viele tolle Anregungen mit nach Hause nehmen\u201c, betont Zuschke.<\/p>\n","protected":false},"excerpt":{"rendered":"<div class=\"tmnf_excerpt\"><p>Fulda (cp). Beim Tag der offenen G\u00e4rten 2011 in Fulda bezauberten Duft und Farben in den G\u00e4rten der Stadtregion viele Besucher, die sich trotz eines durchwachsenen Wetters vom Besuch der Er\u00f6ffnungsveranstaltung mit Oberb\u00fcrgermeister Gerhard M\u00f6ller, Stadtbaur\u00e4tin Cornelia Zuschke und vielen Vertretern des \u00f6ffentlichen Lebens keinesfalls abhalten lie\u00dfen. \u201eDie Offenen G\u00e4rten geh\u00f6ren seit sieben Jahren zur &hellip;<\/p>\n<\/div>","protected":false},"author":1,"featured_media":0,"comment_status":"closed","ping_status":"closed","sticky":false,"template":"","format":"standard","meta":{"footnotes":""},"categories":[1,44],"tags":[],"class_list":["post-87827","post","type-post","status-publish","format-standard","hentry","category-startseite","category-kultur"],"_links":{"self":[{"href":"https:\/\/www.fuldaernachrichten.de\/index.php?rest_route=\/wp\/v2\/posts\/87827","targetHints":{"allow":["GET"]}}],"collection":[{"href":"https:\/\/www.fuldaernachrichten.de\/index.php?rest_route=\/wp\/v2\/posts"}],"about":[{"href":"https:\/\/www.fuldaernachrichten.de\/index.php?rest_route=\/wp\/v2\/types\/post"}],"author":[{"embeddable":true,"href":"https:\/\/www.fuldaernachrichten.de\/index.php?rest_route=\/wp\/v2\/users\/1"}],"replies":[{"embeddable":true,"href":"https:\/\/www.fuldaernachrichten.de\/index.php?rest_route=%2Fwp%2Fv2%2Fcomments&post=87827"}],"version-history":[{"count":0,"href":"https:\/\/www.fuldaernachrichten.de\/index.php?rest_route=\/wp\/v2\/posts\/87827\/revisions"}],"wp:attachment":[{"href":"https:\/\/www.fuldaernachrichten.de\/index.php?rest_route=%2Fwp%2Fv2%2Fmedia&parent=87827"}],"wp:term":[{"taxonomy":"category","embeddable":true,"href":"https:\/\/www.fuldaernachrichten.de\/index.php?rest_route=%2Fwp%2Fv2%2Fcategories&post=87827"},{"taxonomy":"post_tag","embeddable":true,"href":"https:\/\/www.fuldaernachrichten.de\/index.php?rest_route=%2Fwp%2Fv2%2Ftags&post=87827"}],"curies":[{"name":"wp","href":"https:\/\/api.w.org\/{rel}","templated":true}]}}