{"id":87813,"date":"2011-07-03T00:12:03","date_gmt":"2011-07-03T00:12:03","guid":{"rendered":"http:\/\/www.fuldaer-nachrichten.de\/?p=87813"},"modified":"2011-07-03T06:05:16","modified_gmt":"2011-07-03T06:05:16","slug":"teilsperrungen-der-kurfurstenstrase","status":"publish","type":"post","link":"https:\/\/www.fuldaernachrichten.de\/?p=87813","title":{"rendered":"Teilsperrungen der Kurf\u00fcrstenstra\u00dfe"},"content":{"rendered":"<p><strong>Fulda (cp).<\/strong> In der Kurf\u00fcrstenstra\u00dfe im Kreuzungsbereich Heinrich-von-Bibra-Platz \/ Magdeburger Stra\u00dfe finden von Montag, 04. Juli 2011 bis einschlie\u00dflich Mittwoch, 06. Juli 2011 Tiefbauarbeiten statt. W\u00e4hrend am Montag, 04. Juli 2011 nur punktuell mit Behinderungen gerechnet werden muss, kann am Dienstag, 05. Juli 2011 die Kurf\u00fcrstenstra\u00dfe nicht mehr in Richtung Bahnhof befahren werden. Eine Umleitung ist \u00fcber die Strecke Heinrich-von-Bibra-Platz \u2013 Lindenstra\u00dfe \u2013 Sturmiusstra\u00dfe ausgeschildert. Am Mittwoch, 06. Juli 2011 ist die Fahrspur in entgegengesetzter Richtung eingeengt. Die Verkehrsteilnehmer werden gebeten, den Bereich m\u00f6glichst weitr\u00e4umig zu umfahren, da mit Behinderungen gerechnet werden muss.<\/p>\n","protected":false},"excerpt":{"rendered":"<div class=\"tmnf_excerpt\"><p>Fulda (cp). In der Kurf\u00fcrstenstra\u00dfe im Kreuzungsbereich Heinrich-von-Bibra-Platz \/ Magdeburger Stra\u00dfe finden von Montag, 04. Juli 2011 bis einschlie\u00dflich Mittwoch, 06. Juli 2011 Tiefbauarbeiten statt. W\u00e4hrend am Montag, 04. Juli 2011 nur punktuell mit Behinderungen gerechnet werden muss, kann am Dienstag, 05. Juli 2011 die Kurf\u00fcrstenstra\u00dfe nicht mehr in Richtung Bahnhof befahren werden. Eine Umleitung &hellip;<\/p>\n<\/div>","protected":false},"author":1,"featured_media":0,"comment_status":"closed","ping_status":"closed","sticky":false,"template":"","format":"standard","meta":{"footnotes":""},"categories":[1,35],"tags":[],"class_list":["post-87813","post","type-post","status-publish","format-standard","hentry","category-startseite","category-auto"],"_links":{"self":[{"href":"https:\/\/www.fuldaernachrichten.de\/index.php?rest_route=\/wp\/v2\/posts\/87813","targetHints":{"allow":["GET"]}}],"collection":[{"href":"https:\/\/www.fuldaernachrichten.de\/index.php?rest_route=\/wp\/v2\/posts"}],"about":[{"href":"https:\/\/www.fuldaernachrichten.de\/index.php?rest_route=\/wp\/v2\/types\/post"}],"author":[{"embeddable":true,"href":"https:\/\/www.fuldaernachrichten.de\/index.php?rest_route=\/wp\/v2\/users\/1"}],"replies":[{"embeddable":true,"href":"https:\/\/www.fuldaernachrichten.de\/index.php?rest_route=%2Fwp%2Fv2%2Fcomments&post=87813"}],"version-history":[{"count":0,"href":"https:\/\/www.fuldaernachrichten.de\/index.php?rest_route=\/wp\/v2\/posts\/87813\/revisions"}],"wp:attachment":[{"href":"https:\/\/www.fuldaernachrichten.de\/index.php?rest_route=%2Fwp%2Fv2%2Fmedia&parent=87813"}],"wp:term":[{"taxonomy":"category","embeddable":true,"href":"https:\/\/www.fuldaernachrichten.de\/index.php?rest_route=%2Fwp%2Fv2%2Fcategories&post=87813"},{"taxonomy":"post_tag","embeddable":true,"href":"https:\/\/www.fuldaernachrichten.de\/index.php?rest_route=%2Fwp%2Fv2%2Ftags&post=87813"}],"curies":[{"name":"wp","href":"https:\/\/api.w.org\/{rel}","templated":true}]}}