{"id":8781,"date":"2008-04-16T00:45:52","date_gmt":"2008-04-15T22:45:52","guid":{"rendered":"http:\/\/www.schoene-nachrichten.de\/?p=8781"},"modified":"2008-04-15T23:40:08","modified_gmt":"2008-04-15T21:40:08","slug":"fruehlingsmarkt-am-umweltzentrum-mit-pflanzenboerse","status":"publish","type":"post","link":"https:\/\/www.fuldaernachrichten.de\/?p=8781","title":{"rendered":"Fr\u00fchlingsmarkt am Umweltzentrum mit Pflanzenb\u00f6rse"},"content":{"rendered":"<p><a rel=\"lightbox[roadtrip]\" href=\"http:\/\/www.schoene-nachrichten.de\/wp-content\/uploads\/2008\/04\/080415_uweltzentrum.jpg\" target=\"_blank\"><img decoding=\"async\" class=\"alignleft size-thumbnail wp-image-8801\" title=\"080415_uweltzentrum\" src=\"http:\/\/www.schoene-nachrichten.de\/wp-content\/uploads\/2008\/04\/080415_uweltzentrum-128x85.jpg\" alt=\"\" hspace=\"5\" width=\"128\" height=\"85\" align=\"left\" srcset=\"https:\/\/www.fuldaernachrichten.de\/wp-content\/uploads\/2008\/04\/080415_uweltzentrum-128x85.jpg 128w, https:\/\/www.fuldaernachrichten.de\/wp-content\/uploads\/2008\/04\/080415_uweltzentrum.jpg 592w\" sizes=\"(max-width: 128px) 100vw, 128px\" \/><\/a><strong>Fulda.<\/strong> Das Umweltzentrum Fulda l\u00e4dt zum Fr\u00fchlingsmarkt am Sonntag, dem 20. April von 12 bis 18 Uhr in den Auepark beim Stadion ein. Private Gartenliebhaber bieten Pflanzen und Saatgut aus dem eigenen Bestand zum Verkauf.  Mit 30 Akteuren bietet der Markt f\u00fcr jeden etwas Interessantes. Da die Garten-Saison in diesem Jahr noch nicht so weit fortgeschritten ist, kann man sich beispielsweise noch in Ruhe \u00fcber seltene Nutzpflanzensorten informieren oder sch\u00f6ne Stauden und Geh\u00f6lze einkaufen.<!--more--><\/p>\n<p>Auch Gartenaccesoires und Informationen \u00fcber Gartenger\u00e4te werden angeboten. Aktuelle Informationen zu Bauen und Energie, Wassertechnik im Haus, sowie Nisthilfen und Artenschutzschutz im Garten bieten die Mitglieder des Vereins Umweltzentrum und Gartenkultur Fulda e.V.<\/p>\n<p>Am Barfuss-Pfad wird der Kneipp-Verein Angebote zu Fu\u00df-Gesundheit und Wohlbefinden pr\u00e4sentieren.<br \/>\nF\u00fcr das Leibliche Wohl sorgt das \u00d6ko-Bistro Auegarten, in dem es leckeres vorwiegend aus der Region in Bio-Qualit\u00e4t gibt.<\/p>\n<p>F\u00fcr die Kinder gibt es verschiedene Mitmach-Aktionen: Die Lernwerkstatt \u00f6kologische Bildung bietet \u201eExperimente mit Wasser\u201c, mit RoseMarie Wegwerth kann die Technik des Wollefilzens ausprobiert werden und unter Anleitung von K\u00fcnstlerin Verena K\u00fchnlein kann am Kinderkunstprojekt \u201eLebensbaum\u201c teilgenommen werden.<\/p>\n<p>Der Lesegarten, der Natur-Pacour und die Freiraumangebote des Umweltzentrums laden in der Sommersaison wieder zur Nutzung ein. (Ellen Plo\u00df)<\/p>\n","protected":false},"excerpt":{"rendered":"<div class=\"tmnf_excerpt\"><p>Fulda. Das Umweltzentrum Fulda l\u00e4dt zum Fr\u00fchlingsmarkt am Sonntag, dem 20. April von 12 bis 18 Uhr in den Auepark beim Stadion ein. Private Gartenliebhaber bieten Pflanzen und Saatgut aus dem eigenen Bestand zum Verkauf. Mit 30 Akteuren bietet der Markt f\u00fcr jeden etwas Interessantes. Da die Garten-Saison in diesem Jahr noch nicht so weit &hellip;<\/p>\n<\/div>","protected":false},"author":1,"featured_media":0,"comment_status":"closed","ping_status":"closed","sticky":false,"template":"","format":"standard","meta":{"footnotes":""},"categories":[1,52],"tags":[],"class_list":["post-8781","post","type-post","status-publish","format-standard","hentry","category-startseite","category-umwelt"],"_links":{"self":[{"href":"https:\/\/www.fuldaernachrichten.de\/index.php?rest_route=\/wp\/v2\/posts\/8781","targetHints":{"allow":["GET"]}}],"collection":[{"href":"https:\/\/www.fuldaernachrichten.de\/index.php?rest_route=\/wp\/v2\/posts"}],"about":[{"href":"https:\/\/www.fuldaernachrichten.de\/index.php?rest_route=\/wp\/v2\/types\/post"}],"author":[{"embeddable":true,"href":"https:\/\/www.fuldaernachrichten.de\/index.php?rest_route=\/wp\/v2\/users\/1"}],"replies":[{"embeddable":true,"href":"https:\/\/www.fuldaernachrichten.de\/index.php?rest_route=%2Fwp%2Fv2%2Fcomments&post=8781"}],"version-history":[{"count":0,"href":"https:\/\/www.fuldaernachrichten.de\/index.php?rest_route=\/wp\/v2\/posts\/8781\/revisions"}],"wp:attachment":[{"href":"https:\/\/www.fuldaernachrichten.de\/index.php?rest_route=%2Fwp%2Fv2%2Fmedia&parent=8781"}],"wp:term":[{"taxonomy":"category","embeddable":true,"href":"https:\/\/www.fuldaernachrichten.de\/index.php?rest_route=%2Fwp%2Fv2%2Fcategories&post=8781"},{"taxonomy":"post_tag","embeddable":true,"href":"https:\/\/www.fuldaernachrichten.de\/index.php?rest_route=%2Fwp%2Fv2%2Ftags&post=8781"}],"curies":[{"name":"wp","href":"https:\/\/api.w.org\/{rel}","templated":true}]}}