{"id":87809,"date":"2011-07-01T00:30:02","date_gmt":"2011-07-01T00:30:02","guid":{"rendered":"http:\/\/www.fuldaer-nachrichten.de\/?p=87809"},"modified":"2011-07-01T05:50:16","modified_gmt":"2011-07-01T05:50:16","slug":"bundesfreiwilligendienst-lost-zivildienst-ab-caritas-will-fur-bfd-menschen-gewinnen","status":"publish","type":"post","link":"https:\/\/www.fuldaernachrichten.de\/?p=87809","title":{"rendered":"Bundesfreiwilligendienst l\u00f6st Zivildienst ab \u2013 Caritas will f\u00fcr BFD Menschen gewinnen"},"content":{"rendered":"<p><a href=\"http:\/\/www.fuldaer-nachrichten.de\/wp-content\/uploads\/2011\/06\/110630_BFD_IMG_7543.jpg\"><img fetchpriority=\"high\" decoding=\"async\" class=\"alignleft size-thumbnail wp-image-87810\" title=\"110630_BFD_IMG_7543\" src=\"http:\/\/www.fuldaer-nachrichten.de\/wp-content\/uploads\/2011\/06\/110630_BFD_IMG_7543-265x397.jpg\" alt=\"\" width=\"265\" height=\"397\" srcset=\"https:\/\/www.fuldaernachrichten.de\/wp-content\/uploads\/2011\/06\/110630_BFD_IMG_7543-265x397.jpg 265w, https:\/\/www.fuldaernachrichten.de\/wp-content\/uploads\/2011\/06\/110630_BFD_IMG_7543-176x265.jpg 176w, https:\/\/www.fuldaernachrichten.de\/wp-content\/uploads\/2011\/06\/110630_BFD_IMG_7543.jpg 399w\" sizes=\"(max-width: 265px) 100vw, 265px\" \/><\/a><strong>Fulda(cif).<\/strong> Zum Start des Bundesfreiwilligendienstes (BFD) am heutigen 1. Juli erinnert der Pr\u00e4sident des Deutschen Caritasverbandes Peter Neher an die Bedeutung freiwilligen Engagements f\u00fcr die Menschen in den Einrichtungen und Diensten der Caritas. \u201eWir hoffen, dass sich viele Frauen und M\u00e4nner aller Altersgruppen finden, die mit Interesse und Freude ihre Zeit f\u00fcr andere einsetzen m\u00f6chten.\u201c<\/p>\n<p>Der Abschied vom Zivildienst als einem Pflichtdienst hin zum Bundesfreiwilligendienst markiere einen Systemwechsel, der eine gro\u00dfe Herausforderung darstelle und dessen Auswirkungen noch nicht absehbar seien. \u201eViele Zivildienstleistende haben \u00fcber diesen Einsatz ihren Beruf gefunden. Es war eine gute M\u00f6glichkeit, die vielf\u00e4ltigen Arbeitsfelder im sozialen Bereich kennenzulernen. So hoffe ich, dass es auch mit diesem neuen Dienst gelingt, Menschen f\u00fcr soziale Berufe zu begeistern\u201c, so Neher.<!--more--><\/p>\n<p>Auch der Fuldaer Di\u00f6zesan-Caritasdirektor Dr. Markus Juch betont, dass die Caritas sich darum bem\u00fchen werde, den BFD zu einem attraktiven Angebot zum machen f\u00fcr Menschen, die sich engagieren und sich ausprobieren wollen. \u201eAls Tr\u00e4gerverband mit Einrichtungen in der Alten-, Behinderten- und Jugendhilfe bieten wir viele Einsatzm\u00f6glichkeiten in ganz unterschiedlichen T\u00e4tigkeitsfeldern!\u201c Informieren k\u00f6nnen sich Interessierte unverbindlich auf dem neuen Internetportal <a href=\"http:\/\/www.freiwilligendienste-bistum-fulda.de\">www.freiwilligendienste-bistum-fulda.de<\/a>. Telefonisch erteilt bei der Caritas Armin Schomberg Auskunft (Tel. 0661\/2428-170).<\/p>\n<p>Erste Bewerber haben schon Kontakt aufgenommen und konnten vermittelt werden. \u201eBesonders freut uns, dass darunter auch Interessenten  \u00fcber 27 Jahren sind, also Menschen, die nach der alten Regelung keinesfalls als Zivildienstleistende zu uns gesto\u00dfen w\u00e4ren. Ich bin mir sicher, dass sie eine gute und f\u00fcr beide Seiten fruchtbare Dienstzeit haben werden\u201c, unterstreicht Markus Juch.<\/p>\n<p><strong>Foto(1):<\/strong> Uli Mayer<\/p>\n","protected":false},"excerpt":{"rendered":"<div class=\"tmnf_excerpt\"><p>Fulda(cif). Zum Start des Bundesfreiwilligendienstes (BFD) am heutigen 1. Juli erinnert der Pr\u00e4sident des Deutschen Caritasverbandes Peter Neher an die Bedeutung freiwilligen Engagements f\u00fcr die Menschen in den Einrichtungen und Diensten der Caritas. \u201eWir hoffen, dass sich viele Frauen und M\u00e4nner aller Altersgruppen finden, die mit Interesse und Freude ihre Zeit f\u00fcr andere einsetzen m\u00f6chten.\u201c &hellip;<\/p>\n<\/div>","protected":false},"author":1,"featured_media":0,"comment_status":"closed","ping_status":"closed","sticky":false,"template":"","format":"standard","meta":{"footnotes":""},"categories":[1,72,50],"tags":[],"class_list":["post-87809","post","type-post","status-publish","format-standard","hentry","category-startseite","category-jugend","category-kirche"],"_links":{"self":[{"href":"https:\/\/www.fuldaernachrichten.de\/index.php?rest_route=\/wp\/v2\/posts\/87809","targetHints":{"allow":["GET"]}}],"collection":[{"href":"https:\/\/www.fuldaernachrichten.de\/index.php?rest_route=\/wp\/v2\/posts"}],"about":[{"href":"https:\/\/www.fuldaernachrichten.de\/index.php?rest_route=\/wp\/v2\/types\/post"}],"author":[{"embeddable":true,"href":"https:\/\/www.fuldaernachrichten.de\/index.php?rest_route=\/wp\/v2\/users\/1"}],"replies":[{"embeddable":true,"href":"https:\/\/www.fuldaernachrichten.de\/index.php?rest_route=%2Fwp%2Fv2%2Fcomments&post=87809"}],"version-history":[{"count":0,"href":"https:\/\/www.fuldaernachrichten.de\/index.php?rest_route=\/wp\/v2\/posts\/87809\/revisions"}],"wp:attachment":[{"href":"https:\/\/www.fuldaernachrichten.de\/index.php?rest_route=%2Fwp%2Fv2%2Fmedia&parent=87809"}],"wp:term":[{"taxonomy":"category","embeddable":true,"href":"https:\/\/www.fuldaernachrichten.de\/index.php?rest_route=%2Fwp%2Fv2%2Fcategories&post=87809"},{"taxonomy":"post_tag","embeddable":true,"href":"https:\/\/www.fuldaernachrichten.de\/index.php?rest_route=%2Fwp%2Fv2%2Ftags&post=87809"}],"curies":[{"name":"wp","href":"https:\/\/api.w.org\/{rel}","templated":true}]}}