{"id":87807,"date":"2011-07-03T00:17:38","date_gmt":"2011-07-03T00:17:38","guid":{"rendered":"http:\/\/www.fuldaer-nachrichten.de\/?p=87807"},"modified":"2011-07-03T06:04:50","modified_gmt":"2011-07-03T06:04:50","slug":"kleine-munzen-fur-grose-hilfe-caritas-sammelt-restdevisen-und-altwahrungen","status":"publish","type":"post","link":"https:\/\/www.fuldaernachrichten.de\/?p=87807","title":{"rendered":"Kleine M\u00fcnzen f\u00fcr gro\u00dfe Hilfe \u2013 Caritas sammelt Restdevisen und Altw\u00e4hrungen"},"content":{"rendered":"<p><img decoding=\"async\" class=\"alignleft size-medium wp-image-87808\" src=\"http:\/\/www.fuldaer-nachrichten.de\/wp-content\/uploads\/2011\/06\/110630_M\u00fcnzen-176x265.jpg\" alt=\"\" width=\"176\" height=\"265\" \/><strong>Fulda (cif).<\/strong> In Hessen haben die Gro\u00dfen Ferien bereits begonnen. Viele Familien fahren in den Sommerurlaub. Nach der Heimkehr wandern dann die \u00fcbrig gebliebenen M\u00fcnzen und Scheine meist in irgendeine Schublade und bleiben dort unentdeckt jahrelang liegen, vielerorts sogar neben alten D-Mark-M\u00fcnzen, die noch aus der Vor-Euro-Zeit stammen und ebenfalls auf Dauer so \u201ezwischengelagert\u201c worden sind.<\/p>\n<p>Unter dem Motto \u201eKleine M\u00fcnzen \u2013 gro\u00dfe Hilfe sammelt die Caritas im Bistum Fulda diese Restdevisen und Altw\u00e4hrungen ein. Nach der Umm\u00fcnzung in Euros kommt das Geld verschiedenen Projekten zu Gute. Die sammelnden Institutionen erhalten 50 Prozent des Erl\u00f6ses f\u00fcr caritative Zwecke nach eigenem Ermessen. Die andere H\u00e4lfte flie\u00dft in das Auslandsprojekt des Di\u00f6zesan-Caritasverbandes, der im westukrainischen Iwano-Frankiwsk den Aufbau eines Rehabilitationszentrums mit Beratung, Therapie- und Arbeitsangeboten f\u00fcr junge erwachsene Menschen mit Behinderungen unterst\u00fctzt.<\/p>\n<p>Sammelboxen der Caritas stehen in den meisten Caritas-Einrichtungen des Bistums sowie in zahlreichen Kindertagesst\u00e4tten und bei den Pfarrgemeinden. Interessierte erfahren bei der \u00d6ffentlichkeitsarbeit der Caritas in Fulda, wo genau sie in ihrer Region die Restm\u00fcnzen abgegeben k\u00f6nnen: Tel. 0661 \/ 2428-161 oder per E-Mail unter <a href=\"mailto:oeffentlichkeitsarbeit@caritas-fulda.de\">oeffentlichkeitsarbeit@caritas-fulda.de<\/a>.<\/p>\n<p><strong>Foto(1):<\/strong> C. Scharf \/ Caritas Fulda<\/p>\n","protected":false},"excerpt":{"rendered":"<div class=\"tmnf_excerpt\"><p>Fulda (cif). In Hessen haben die Gro\u00dfen Ferien bereits begonnen. Viele Familien fahren in den Sommerurlaub. Nach der Heimkehr wandern dann die \u00fcbrig gebliebenen M\u00fcnzen und Scheine meist in irgendeine Schublade und bleiben dort unentdeckt jahrelang liegen, vielerorts sogar neben alten D-Mark-M\u00fcnzen, die noch aus der Vor-Euro-Zeit stammen und ebenfalls auf Dauer so \u201ezwischengelagert\u201c worden &hellip;<\/p>\n<\/div>","protected":false},"author":1,"featured_media":0,"comment_status":"closed","ping_status":"closed","sticky":false,"template":"","format":"standard","meta":{"footnotes":""},"categories":[1,50],"tags":[],"class_list":["post-87807","post","type-post","status-publish","format-standard","hentry","category-startseite","category-kirche"],"_links":{"self":[{"href":"https:\/\/www.fuldaernachrichten.de\/index.php?rest_route=\/wp\/v2\/posts\/87807","targetHints":{"allow":["GET"]}}],"collection":[{"href":"https:\/\/www.fuldaernachrichten.de\/index.php?rest_route=\/wp\/v2\/posts"}],"about":[{"href":"https:\/\/www.fuldaernachrichten.de\/index.php?rest_route=\/wp\/v2\/types\/post"}],"author":[{"embeddable":true,"href":"https:\/\/www.fuldaernachrichten.de\/index.php?rest_route=\/wp\/v2\/users\/1"}],"replies":[{"embeddable":true,"href":"https:\/\/www.fuldaernachrichten.de\/index.php?rest_route=%2Fwp%2Fv2%2Fcomments&post=87807"}],"version-history":[{"count":0,"href":"https:\/\/www.fuldaernachrichten.de\/index.php?rest_route=\/wp\/v2\/posts\/87807\/revisions"}],"wp:attachment":[{"href":"https:\/\/www.fuldaernachrichten.de\/index.php?rest_route=%2Fwp%2Fv2%2Fmedia&parent=87807"}],"wp:term":[{"taxonomy":"category","embeddable":true,"href":"https:\/\/www.fuldaernachrichten.de\/index.php?rest_route=%2Fwp%2Fv2%2Fcategories&post=87807"},{"taxonomy":"post_tag","embeddable":true,"href":"https:\/\/www.fuldaernachrichten.de\/index.php?rest_route=%2Fwp%2Fv2%2Ftags&post=87807"}],"curies":[{"name":"wp","href":"https:\/\/api.w.org\/{rel}","templated":true}]}}