{"id":8778,"date":"2008-04-17T01:00:25","date_gmt":"2008-04-16T23:00:25","guid":{"rendered":"http:\/\/www.schoene-nachrichten.de\/?p=8778"},"modified":"2008-04-17T01:00:25","modified_gmt":"2008-04-16T23:00:25","slug":"erneut-gastronomische-betriebe-der-region-ausgezeichnet","status":"publish","type":"post","link":"https:\/\/www.fuldaernachrichten.de\/?p=8778","title":{"rendered":"Erneut gastronomische Betriebe der Region ausgezeichnet"},"content":{"rendered":"<p><a rel=\"lightbox[roadtrip]\" href=\"http:\/\/www.schoene-nachrichten.de\/wp-content\/uploads\/2008\/04\/080415_dachmarke1.jpg\" target=\"_blank\"><img decoding=\"async\" class=\"alignleft size-thumbnail wp-image-8815\" title=\"080415_dachmarke1\" src=\"http:\/\/www.schoene-nachrichten.de\/wp-content\/uploads\/2008\/04\/080415_dachmarke1-128x85.jpg\" alt=\"\" hspace=\"5\" width=\"128\" height=\"85\" align=\"left\" srcset=\"https:\/\/www.fuldaernachrichten.de\/wp-content\/uploads\/2008\/04\/080415_dachmarke1-128x84.jpg 128w, https:\/\/www.fuldaernachrichten.de\/wp-content\/uploads\/2008\/04\/080415_dachmarke1.jpg 592w\" sizes=\"(max-width: 128px) 100vw, 128px\" \/><\/a><strong>Rh\u00f6n.<\/strong> Am Rande der Informationsveranstaltung zur Dachmarke Rh\u00f6n in Poppenhausen wurden vom Vorsitzenden der Regionalen Arbeitsgemeinschaft und Landrat des Wartburgkreises, Reinhard Krebs, weitere Unternehmen aus der Rh\u00f6n offiziell als Partnerbetrieb der Dachmarke Rh\u00f6n ausgezeichnet. Der Landgasthof B\u00e4renburg aus N\u00fcdlingen erhielt drei Silberdisteln; das Hotel und Gasthof N\u00f6th in Hammelburg, das Hotel und Restaurant Sonnentau in Fladungen sowie der W\u00fcrzburger Hof in Wildflecken jeweils zwei Silberdisteln.<!--more--><\/p>\n<p>Das Qualit\u00e4ts- und Herkunftszeichen Rh\u00f6n wurde an das Hotel-Restaurant Waldesruh in Burgwallbach, das Hotel Schwan und Post in Bad Neustadt sowie an das Hotel \u201eRh\u00f6n Garden\u201c in Poppenhausen-Kohlst\u00f6cken verliehen. Zurzeit sind 197 Unternehmen aus 14 verschiedenen Branchen offizieller Partnerbetrieb der Dachmarke Rh\u00f6n. 98 von ihnen entfallen auf den bayerischen Teil der Rh\u00f6n, 83 auf Hessen und 16 auf Th\u00fcringen<\/p>\n","protected":false},"excerpt":{"rendered":"<div class=\"tmnf_excerpt\"><p>Rh\u00f6n. Am Rande der Informationsveranstaltung zur Dachmarke Rh\u00f6n in Poppenhausen wurden vom Vorsitzenden der Regionalen Arbeitsgemeinschaft und Landrat des Wartburgkreises, Reinhard Krebs, weitere Unternehmen aus der Rh\u00f6n offiziell als Partnerbetrieb der Dachmarke Rh\u00f6n ausgezeichnet. Der Landgasthof B\u00e4renburg aus N\u00fcdlingen erhielt drei Silberdisteln; das Hotel und Gasthof N\u00f6th in Hammelburg, das Hotel und Restaurant Sonnentau in &hellip;<\/p>\n<\/div>","protected":false},"author":1,"featured_media":0,"comment_status":"closed","ping_status":"closed","sticky":false,"template":"","format":"standard","meta":{"footnotes":""},"categories":[1,37,52],"tags":[],"class_list":["post-8778","post","type-post","status-publish","format-standard","hentry","category-startseite","category-essen-und-trinken","category-umwelt"],"_links":{"self":[{"href":"https:\/\/www.fuldaernachrichten.de\/index.php?rest_route=\/wp\/v2\/posts\/8778","targetHints":{"allow":["GET"]}}],"collection":[{"href":"https:\/\/www.fuldaernachrichten.de\/index.php?rest_route=\/wp\/v2\/posts"}],"about":[{"href":"https:\/\/www.fuldaernachrichten.de\/index.php?rest_route=\/wp\/v2\/types\/post"}],"author":[{"embeddable":true,"href":"https:\/\/www.fuldaernachrichten.de\/index.php?rest_route=\/wp\/v2\/users\/1"}],"replies":[{"embeddable":true,"href":"https:\/\/www.fuldaernachrichten.de\/index.php?rest_route=%2Fwp%2Fv2%2Fcomments&post=8778"}],"version-history":[{"count":0,"href":"https:\/\/www.fuldaernachrichten.de\/index.php?rest_route=\/wp\/v2\/posts\/8778\/revisions"}],"wp:attachment":[{"href":"https:\/\/www.fuldaernachrichten.de\/index.php?rest_route=%2Fwp%2Fv2%2Fmedia&parent=8778"}],"wp:term":[{"taxonomy":"category","embeddable":true,"href":"https:\/\/www.fuldaernachrichten.de\/index.php?rest_route=%2Fwp%2Fv2%2Fcategories&post=8778"},{"taxonomy":"post_tag","embeddable":true,"href":"https:\/\/www.fuldaernachrichten.de\/index.php?rest_route=%2Fwp%2Fv2%2Ftags&post=8778"}],"curies":[{"name":"wp","href":"https:\/\/api.w.org\/{rel}","templated":true}]}}