{"id":87778,"date":"2011-06-30T00:10:09","date_gmt":"2011-06-30T00:10:09","guid":{"rendered":"http:\/\/www.fuldaer-nachrichten.de\/?p=87778"},"modified":"2011-06-30T05:19:10","modified_gmt":"2011-06-30T05:19:10","slug":"randbereich-des-roten-moores-soll-kernzone-werden","status":"publish","type":"post","link":"https:\/\/www.fuldaernachrichten.de\/?p=87778","title":{"rendered":"Randbereich des Roten Moores soll Kernzone werden"},"content":{"rendered":"<p><strong><a href=\"http:\/\/www.fuldaer-nachrichten.de\/wp-content\/uploads\/2011\/06\/110629_rotesMoorBegehung22.6.11.jpg\"><img decoding=\"async\" class=\"alignleft size-thumbnail wp-image-87780\" title=\"110629_rotesMoorBegehung22.6.11\" src=\"http:\/\/www.fuldaer-nachrichten.de\/wp-content\/uploads\/2011\/06\/110629_rotesMoorBegehung22.6.11-265x176.jpg\" alt=\"\" width=\"265\" height=\"176\" srcset=\"https:\/\/www.fuldaernachrichten.de\/wp-content\/uploads\/2011\/06\/110629_rotesMoorBegehung22.6.11-265x176.jpg 265w, https:\/\/www.fuldaernachrichten.de\/wp-content\/uploads\/2011\/06\/110629_rotesMoorBegehung22.6.11.jpg 592w\" sizes=\"(max-width: 265px) 100vw, 265px\" \/><\/a>Rh\u00f6n. <\/strong>Im hessischen Teil des Biosph\u00e4renreservates Rh\u00f6n fehlen derzeit noch rund 460 ha Kernzonen. Rund 200 ha befinden sich derzeit im Ausweisungsverfahren. Weitere rund 75 ha. wurden vom Hessischen Umweltministerium nun im westlichen Bereich des Roten Moores angekauft. In einem Ortstermin inspizierten die Mitglieder des Fachforums  Naturschutz und Kulturlandschaft im Verein Natur- und Lebensraum Rh\u00f6n in  Begleitung von Forstmitarbeiter Gunther von Lorenz sowie Peter  St\u00fchlinger vom Hessischen Ministerium f\u00fcr Umwelt, Energie l\u00e4ndlicher  Raum und Verbraucherschutz die Fl\u00e4che.<\/p>\n<p>Unter F\u00fchrung des Forensprechers Joachim Schleicher verschaffte man sich einen guten Eindruck von den Fl\u00e4chen, welche teilweise aus alten Fichtenbest\u00e4nden, Buchenwald, Schluchtbereichen, anmoorigen Bereichen, Windwurffl\u00e4chen sowie einem aufgelassenen Steinbruch bestehen. Die Forenmitglieder kamen zu dem Fazit, dass es sich zwar nicht um eine der \u00f6kologischen Topfl\u00e4chen der Rh\u00f6n handelt, gleichwohl ein gutes Entwicklungspotenzial gegeben ist. Lorenz pl\u00e4dierte f\u00fcr einen Entwicklungsplan f\u00fcr diese Fl\u00e4che. W\u00e4hrend manche Fl\u00e4che Kernzonencharakter haben, scheint es in Teilbereichen notwendig, die Fichtenbestockung und die angepflanzten Douglasien zu entfernen.<\/p>\n<p><a href=\"http:\/\/www.fuldaer-nachrichten.de\/wp-content\/uploads\/2011\/06\/110629_Rotes-Moor-Begehung-21.6.11.jpg\"><img decoding=\"async\" class=\"alignleft size-thumbnail wp-image-87779\" title=\"110629_Rotes-Moor-Begehung-21.6.11\" src=\"http:\/\/www.fuldaer-nachrichten.de\/wp-content\/uploads\/2011\/06\/110629_Rotes-Moor-Begehung-21.6.11-265x176.jpg\" alt=\"\" width=\"265\" height=\"176\" srcset=\"https:\/\/www.fuldaernachrichten.de\/wp-content\/uploads\/2011\/06\/110629_Rotes-Moor-Begehung-21.6.11-265x176.jpg 265w, https:\/\/www.fuldaernachrichten.de\/wp-content\/uploads\/2011\/06\/110629_Rotes-Moor-Begehung-21.6.11.jpg 592w\" sizes=\"(max-width: 265px) 100vw, 265px\" \/><\/a>Herr St\u00fchlinger dankte dem Forum f\u00fcr den konstruktiven Dialog. Er sieht in einer Ausweisung dieses Bereiches zur Kernzone die Chance, dass hessenweit bedeutende Naturschutzgebiet Rotes Moor zu arrondieren.<\/p>\n","protected":false},"excerpt":{"rendered":"<div class=\"tmnf_excerpt\"><p>Rh\u00f6n. Im hessischen Teil des Biosph\u00e4renreservates Rh\u00f6n fehlen derzeit noch rund 460 ha Kernzonen. Rund 200 ha befinden sich derzeit im Ausweisungsverfahren. Weitere rund 75 ha. wurden vom Hessischen Umweltministerium nun im westlichen Bereich des Roten Moores angekauft. In einem Ortstermin inspizierten die Mitglieder des Fachforums Naturschutz und Kulturlandschaft im Verein Natur- und Lebensraum Rh\u00f6n &hellip;<\/p>\n<\/div>","protected":false},"author":1,"featured_media":0,"comment_status":"closed","ping_status":"closed","sticky":false,"template":"","format":"standard","meta":{"footnotes":""},"categories":[1,52],"tags":[],"class_list":["post-87778","post","type-post","status-publish","format-standard","hentry","category-startseite","category-umwelt"],"_links":{"self":[{"href":"https:\/\/www.fuldaernachrichten.de\/index.php?rest_route=\/wp\/v2\/posts\/87778","targetHints":{"allow":["GET"]}}],"collection":[{"href":"https:\/\/www.fuldaernachrichten.de\/index.php?rest_route=\/wp\/v2\/posts"}],"about":[{"href":"https:\/\/www.fuldaernachrichten.de\/index.php?rest_route=\/wp\/v2\/types\/post"}],"author":[{"embeddable":true,"href":"https:\/\/www.fuldaernachrichten.de\/index.php?rest_route=\/wp\/v2\/users\/1"}],"replies":[{"embeddable":true,"href":"https:\/\/www.fuldaernachrichten.de\/index.php?rest_route=%2Fwp%2Fv2%2Fcomments&post=87778"}],"version-history":[{"count":0,"href":"https:\/\/www.fuldaernachrichten.de\/index.php?rest_route=\/wp\/v2\/posts\/87778\/revisions"}],"wp:attachment":[{"href":"https:\/\/www.fuldaernachrichten.de\/index.php?rest_route=%2Fwp%2Fv2%2Fmedia&parent=87778"}],"wp:term":[{"taxonomy":"category","embeddable":true,"href":"https:\/\/www.fuldaernachrichten.de\/index.php?rest_route=%2Fwp%2Fv2%2Fcategories&post=87778"},{"taxonomy":"post_tag","embeddable":true,"href":"https:\/\/www.fuldaernachrichten.de\/index.php?rest_route=%2Fwp%2Fv2%2Ftags&post=87778"}],"curies":[{"name":"wp","href":"https:\/\/api.w.org\/{rel}","templated":true}]}}