{"id":87765,"date":"2011-07-07T00:09:44","date_gmt":"2011-07-07T00:09:44","guid":{"rendered":"http:\/\/www.fuldaer-nachrichten.de\/?p=87765"},"modified":"2011-07-07T07:34:57","modified_gmt":"2011-07-07T07:34:57","slug":"caritas-seniorenreisen-fuhren-in-den-harz-und-in-den-schwarzwald","status":"publish","type":"post","link":"https:\/\/www.fuldaernachrichten.de\/?p=87765","title":{"rendered":"Caritas-Seniorenreisen f\u00fchren in den Harz und in den Schwarzwald"},"content":{"rendered":"<p><img fetchpriority=\"high\" decoding=\"async\" class=\"alignleft size-medium wp-image-87767\" src=\"http:\/\/www.fuldaer-nachrichten.de\/wp-content\/uploads\/2011\/06\/110629_Ansicht-Elzach-246x265.jpg\" alt=\"\" width=\"246\" height=\"265\" srcset=\"https:\/\/www.fuldaernachrichten.de\/wp-content\/uploads\/2011\/06\/110629_Ansicht-Elzach-246x265.jpg 246w, https:\/\/www.fuldaernachrichten.de\/wp-content\/uploads\/2011\/06\/110629_Ansicht-Elzach-265x284.jpg 265w, https:\/\/www.fuldaernachrichten.de\/wp-content\/uploads\/2011\/06\/110629_Ansicht-Elzach-558x600.jpg 558w, https:\/\/www.fuldaernachrichten.de\/wp-content\/uploads\/2011\/06\/110629_Ansicht-Elzach.jpg 592w\" sizes=\"(max-width: 246px) 100vw, 246px\" \/><strong>Fulda.<\/strong> Mittelgebirge in Nord und S\u00fcd sind Ziele zweier anstehender Seniorenreisen der Caritas im Bistum Fulda: In Bad Sachsa am wetterfreundlichen S\u00fcdrande des Harzes, findet vom 4.  bis 11. August. eine siebent\u00e4gige Freizeit f\u00fcr Senioren statt, bei der noch einige Restpl\u00e4tze frei sind. Untergebracht sind die Teilnehmer in einem typischen Harzer Fachwerkg\u00e4stehaus mit Vollpension. Alle Zimmer sind mit DU\/WC ausgestattet.<\/p>\n<p>Etwas sp\u00e4ter, zum Sommerende vom 26. August bis 7. September, k\u00f6nnen Interessierte die reizvolle Landschaft des Schwarzwaldes genie\u00dfen. Im kleinen St\u00e4dtchen Elzach, unweit von Freiburg, wohnen die Mitglieder dieser Reisegruppe in barrierefreien Appartements mit Balkon, Fernseher, Telefon und Halbpension.<\/p>\n<p>Von Fulda aus f\u00e4hrt jeweils ein Bus bis zum Erholungsort, der alle auch am Ende der Reise wieder abholt. Die Fahrten sind durch eine ehrenamtliche Caritas-Mitarbeiterin als direkter Ansprechpartnerin f\u00fcr alle Teilnehmer  begleitet.<\/p>\n<p>Interessierte erhalten unverbindlich Auskunft beim Caritasverband f\u00fcr die Di\u00f6zese Fulda, Wilhelmstr. 2, 36037 Fulda, Telefon 0661 \/ 2428-131, Fax -112,  oder per E-Mail unter <a href=\"mailto:monika.kuhnke@caritas-fulda.de\">monika.kuhnke@caritas-fulda.de<\/a>.<\/p>\n<p>Foto: Elzach<\/p>\n","protected":false},"excerpt":{"rendered":"<div class=\"tmnf_excerpt\"><p>Fulda. Mittelgebirge in Nord und S\u00fcd sind Ziele zweier anstehender Seniorenreisen der Caritas im Bistum Fulda: In Bad Sachsa am wetterfreundlichen S\u00fcdrande des Harzes, findet vom 4. bis 11. August. eine siebent\u00e4gige Freizeit f\u00fcr Senioren statt, bei der noch einige Restpl\u00e4tze frei sind. Untergebracht sind die Teilnehmer in einem typischen Harzer Fachwerkg\u00e4stehaus mit Vollpension. Alle &hellip;<\/p>\n<\/div>","protected":false},"author":1,"featured_media":0,"comment_status":"closed","ping_status":"closed","sticky":false,"template":"","format":"standard","meta":{"footnotes":""},"categories":[1,44],"tags":[],"class_list":["post-87765","post","type-post","status-publish","format-standard","hentry","category-startseite","category-kultur"],"_links":{"self":[{"href":"https:\/\/www.fuldaernachrichten.de\/index.php?rest_route=\/wp\/v2\/posts\/87765","targetHints":{"allow":["GET"]}}],"collection":[{"href":"https:\/\/www.fuldaernachrichten.de\/index.php?rest_route=\/wp\/v2\/posts"}],"about":[{"href":"https:\/\/www.fuldaernachrichten.de\/index.php?rest_route=\/wp\/v2\/types\/post"}],"author":[{"embeddable":true,"href":"https:\/\/www.fuldaernachrichten.de\/index.php?rest_route=\/wp\/v2\/users\/1"}],"replies":[{"embeddable":true,"href":"https:\/\/www.fuldaernachrichten.de\/index.php?rest_route=%2Fwp%2Fv2%2Fcomments&post=87765"}],"version-history":[{"count":0,"href":"https:\/\/www.fuldaernachrichten.de\/index.php?rest_route=\/wp\/v2\/posts\/87765\/revisions"}],"wp:attachment":[{"href":"https:\/\/www.fuldaernachrichten.de\/index.php?rest_route=%2Fwp%2Fv2%2Fmedia&parent=87765"}],"wp:term":[{"taxonomy":"category","embeddable":true,"href":"https:\/\/www.fuldaernachrichten.de\/index.php?rest_route=%2Fwp%2Fv2%2Fcategories&post=87765"},{"taxonomy":"post_tag","embeddable":true,"href":"https:\/\/www.fuldaernachrichten.de\/index.php?rest_route=%2Fwp%2Fv2%2Ftags&post=87765"}],"curies":[{"name":"wp","href":"https:\/\/api.w.org\/{rel}","templated":true}]}}