{"id":8750,"date":"2008-04-16T00:53:24","date_gmt":"2008-04-15T22:53:24","guid":{"rendered":"http:\/\/www.schoene-nachrichten.de\/?p=8750"},"modified":"2008-04-15T23:45:18","modified_gmt":"2008-04-15T21:45:18","slug":"bilder-fehlen-bjoern-mohr-und-oliver-becker-beim-1-lauf-zur-hjs-diesel-rallye-masters-2008","status":"publish","type":"post","link":"https:\/\/www.fuldaernachrichten.de\/?p=8750","title":{"rendered":"Bj\u00f6rn Mohr und Oliver Becker beim 1. Lauf zur &#8220;HJS-Diesel-Rallye-Masters 2008&#8221;"},"content":{"rendered":"<p><a rel=\"lightbox[roadtrip]\" href=\"http:\/\/www.schoene-nachrichten.de\/wp-content\/uploads\/2008\/04\/080414_rallye-mohr_01.jpg\" target=\"_blank\"><img decoding=\"async\" class=\"alignleft size-thumbnail wp-image-8803\" title=\"080414_rallye-mohr_01\" src=\"http:\/\/www.schoene-nachrichten.de\/wp-content\/uploads\/2008\/04\/080414_rallye-mohr_01-128x85.jpg\" alt=\"\" hspace=\"5\" width=\"128\" height=\"85\" align=\"left\" \/><\/a><strong>Motorsport.<\/strong> Die diesj\u00e4hrige 45. ADMV Erzgebirgsrallye stand unter dem Motto &#8220;Gewitter, Schnee und Sonnenschein&#8221;. \u00c4hnlich wie das Wetter war auch der Verlauf der Rallye f\u00fcr Bj\u00f6rn Mohr und Oliver Becker. Am Freitagabend, kurz vor dem Verlassen des 1. Serviceaufenthalts, zogen dunkle Gewitterwolken \u00fcber dem Servicepark auf, es regnete jedoch noch nicht. Bj\u00f6rn entschloss sich kurz vor Ablauf der Sevicezeit die Regenreifen aufziehen zu lassen.<\/p>\n<p><strong>Foto:<\/strong> Michael Meckbach<\/p>\n<p><!--more--><\/p>\n<p>Auf der Verbindungsetappe zur WP 1 zweifelten die beiden noch an ihrer Entscheidung, 300 Meter vor dem Start war die Stra\u00dfe regennass und die Entscheidung, auf Regenreifen zu Starten, erwies sich als die korrekte. Ergebnis der gl\u00fccklichen Reifenwahl war die dritte Bestzeit in der Diesel-Klasse. In der Nacht zum Samstag schlug das Wetter erneut um. Es begann zu schneien, was am Samstagmorgen vor dem Start der zweiten Wertungspr\u00fcfung wieder f\u00fcr rauchende K\u00f6pfe bei der Reifenwahl sorgte. Mit geschnittenen Trockenreifen konnten Bj\u00f6rn und Olli auf WP 2 und 3 ebenfalls \u00fcberzeugen und wieder die jeweils dritte Zeit bei den Dieselautos fahren, w\u00e4hrend sich das Serviceteam zum Au\u00dfenservice nach Scheibenberg auf den Weg machte und den Service vorbereitete.<\/p>\n<p>Die schlechte Nachricht folgte schnell: Auf WP 4 (Rundkurs Gr\u00fcnhain) touchierten Bj\u00f6rn und Olli eine Leitplanke. Die Beiden konnten zwar die Fahrt kurzzeitig wieder aufnehmen, doch als Folge der Kollision brach an der linken vorderen Radaufh\u00e4ngung die Spurstange, was das Ende der Rallye zur Folge hatte. Der Ausfall war \u00e4rgerlich, dennoch konnten Bj\u00f6rn und Olli zeigen, dass sie die Zeiten der Konkurenz fahren k\u00f6nnen. Daher ist die zus\u00e4tzliche Motivation f\u00fcr den zweiten Lauf der HJS-Diesel-Rallye-Masters am 2. und 3. Mai bei der 21. ADAC Rallye &#8220;Sulinger Land&#8221; schon gegeben.<\/p>\n<p><strong>Am kommenden Wochenende, dem 17. bis 19. April, treten Bj\u00f6rn und Olli mit dem &#8220;Rennbr\u00f6tchen&#8221; Opel Corsa A bei der ADAC Hessen Rallye Vogelsberg an, um bei ihrem &#8220;Heimspiel&#8221; ihr k\u00f6nnen zu zeigen.<\/strong><\/p>\n","protected":false},"excerpt":{"rendered":"<div class=\"tmnf_excerpt\"><p>Motorsport. Die diesj\u00e4hrige 45. ADMV Erzgebirgsrallye stand unter dem Motto &#8220;Gewitter, Schnee und Sonnenschein&#8221;. \u00c4hnlich wie das Wetter war auch der Verlauf der Rallye f\u00fcr Bj\u00f6rn Mohr und Oliver Becker. Am Freitagabend, kurz vor dem Verlassen des 1. Serviceaufenthalts, zogen dunkle Gewitterwolken \u00fcber dem Servicepark auf, es regnete jedoch noch nicht. Bj\u00f6rn entschloss sich kurz &hellip;<\/p>\n<\/div>","protected":false},"author":1,"featured_media":0,"comment_status":"closed","ping_status":"closed","sticky":false,"template":"","format":"standard","meta":{"footnotes":""},"categories":[1,35,72,46],"tags":[],"class_list":["post-8750","post","type-post","status-publish","format-standard","hentry","category-startseite","category-auto","category-jugend","category-sport"],"_links":{"self":[{"href":"https:\/\/www.fuldaernachrichten.de\/index.php?rest_route=\/wp\/v2\/posts\/8750","targetHints":{"allow":["GET"]}}],"collection":[{"href":"https:\/\/www.fuldaernachrichten.de\/index.php?rest_route=\/wp\/v2\/posts"}],"about":[{"href":"https:\/\/www.fuldaernachrichten.de\/index.php?rest_route=\/wp\/v2\/types\/post"}],"author":[{"embeddable":true,"href":"https:\/\/www.fuldaernachrichten.de\/index.php?rest_route=\/wp\/v2\/users\/1"}],"replies":[{"embeddable":true,"href":"https:\/\/www.fuldaernachrichten.de\/index.php?rest_route=%2Fwp%2Fv2%2Fcomments&post=8750"}],"version-history":[{"count":0,"href":"https:\/\/www.fuldaernachrichten.de\/index.php?rest_route=\/wp\/v2\/posts\/8750\/revisions"}],"wp:attachment":[{"href":"https:\/\/www.fuldaernachrichten.de\/index.php?rest_route=%2Fwp%2Fv2%2Fmedia&parent=8750"}],"wp:term":[{"taxonomy":"category","embeddable":true,"href":"https:\/\/www.fuldaernachrichten.de\/index.php?rest_route=%2Fwp%2Fv2%2Fcategories&post=8750"},{"taxonomy":"post_tag","embeddable":true,"href":"https:\/\/www.fuldaernachrichten.de\/index.php?rest_route=%2Fwp%2Fv2%2Ftags&post=8750"}],"curies":[{"name":"wp","href":"https:\/\/api.w.org\/{rel}","templated":true}]}}